{"id":81457,"date":"2020-04-07T04:56:49","date_gmt":"2020-04-07T08:56:49","guid":{"rendered":"https:\/\/linitiative.ca\/International\/luib-realise-un-resultat-net-de-1171-millions-de-dinars-en-2019\/"},"modified":"2020-04-07T04:56:49","modified_gmt":"2020-04-07T08:56:49","slug":"luib-realise-un-resultat-net-de-1171-millions-de-dinars-en-2019","status":"publish","type":"post","link":"https:\/\/linitiative.ca\/International\/luib-realise-un-resultat-net-de-1171-millions-de-dinars-en-2019\/","title":{"rendered":"L\u2019UIB r\u00e9alise un r\u00e9sultat net de 117,1 millions de dinars en 2019"},"content":{"rendered":"<p>Le Conseil d\u2019administration de l\u2019UIB s\u2019est r\u00e9uni le jeudi 5 mars 2020, sous la pr\u00e9sidence de M.<br \/>Kamel NEJI. Il a arr\u00eat\u00e9 les \u00e9tats financiers individuels et consolid\u00e9s au 31\/12\/2019.<br \/>Pr\u00e9sent\u00e9s par le Directeur g\u00e9n\u00e9ral, M. Mondher GHAZALI, les \u00e9tats financiers individuels font<br \/>ressortir un r\u00e9sultat net de l\u2019exercice 2019 de 117,1 millions de dinars contre 111,8 millions de<br \/>dinars en 2018. Le r\u00e9sultat net consolid\u00e9 du Groupe ressort \u00e0 116,3 millions de dinars en 2019<br \/>contre 109,4 millions de dinars en 2018. Cette performance est en lien avec des indicateurs de<br \/>gestion bien orient\u00e9s, avec notamment un Produit Net Bancaire en hausse de +15,6% \u00e0 419,4<br \/>millions de dinars et un taux de retour sur fonds propres (ROE) de 20,3%.<br \/>Il y a lieu de rappeler que, dans le respect des r\u00e8gles sanitaires strictes \u00e9dict\u00e9es par les autorit\u00e9s<br \/>tunisiennes, les assembl\u00e9es g\u00e9n\u00e9rales de l\u2019UIB, pr\u00e9vues initialement le 16 Avril 2020, ont \u00e9t\u00e9<br \/>report\u00e9es \u00e0 une date ult\u00e9rieure. Cette d\u00e9cision d\u00e9coule des circonstances actuelles ne permettant<br \/>pas la tenue des assembl\u00e9es dans des conditions conformes \u00e0 l\u2019ensemble des dispositions<br \/>l\u00e9gales, r\u00e9glementaires et statutaires et de la possibilit\u00e9 offerte par la Banque Centrale de Tunisie<br \/>(BCT) apr\u00e8s concertation avec le Conseil du March\u00e9 Financier (CMF) pour le report des<br \/>Assembl\u00e9es G\u00e9n\u00e9rales et ce, jusqu\u2019\u00e0 la cessation des circonstances li\u00e9es \u00e0 la pand\u00e9mie COVID19. La date, l\u2019heure et le lieu desdites Assembl\u00e9es feront l\u2019objet d\u2019un communiqu\u00e9 (CMF, JORT,<br \/>RNE) une fois qu\u2019ils auront \u00e9t\u00e9 arr\u00eat\u00e9s par le Conseil d\u2019Administration.<\/p>\n<div class=\"wp-post-author-wrap wp-post-author-shortcode left\">\n<h3 class=\"awpa-title\"\/>\n<div class=\"wp-post-author\">\n<div class=\"awpa-img awpa-author-block square\"><a href=\"http:\/\/lexpertjournal.net\/fr\/?author=5\"><img loading=\"lazy\" decoding=\"async\" alt=\"\" src=\"http:\/\/0.gravatar.com\/avatar\/97f8e10a1c1125ba104a76514ee07b16?s=150&amp;d=mm&amp;r=g\" srcset=\"http:\/\/0.gravatar.com\/avatar\/97f8e10a1c1125ba104a76514ee07b16?s=300&amp;d=mm&amp;r=g 2x\" class=\"avatar avatar-150 photo\" height=\"150\" width=\"150\"\/><\/a><\/div>\n<\/div>\n<\/div>\n<aside class=\"mashsb-container mashsb-main mashsb-stretched\">\n<\/aside>\n<p>Auteur: L&rsquo;expert<br \/>\n<a href=\"http:\/\/lexpertjournal.net\/fr\/?p=13660\">Cliquez ici pour lire l&rsquo;article depuis sa source.<\/a><\/p>\n","protected":false},"excerpt":{"rendered":"<p>Le Conseil d\u2019administration de l\u2019UIB s\u2019est r\u00e9uni le jeudi 5 mars 2020, sous la pr\u00e9sidence de M.Kamel NEJI. Il a arr\u00eat\u00e9 les \u00e9tats financiers individuels et consolid\u00e9s au 31\/12\/2019.Pr\u00e9sent\u00e9s par le Directeur g\u00e9n\u00e9ral, M. Mondher GHAZALI, les \u00e9tats financiers individuels fontressortir un r\u00e9sultat net de l\u2019exercice 2019 de 117,1 millions de dinars contre 111,8 millions [&hellip;]<\/p>\n","protected":false},"author":1775,"featured_media":0,"comment_status":"closed","ping_status":"closed","sticky":false,"template":"","format":"standard","meta":{"fifu_image_url":"","fifu_image_alt":"","footnotes":""},"categories":[78,55],"tags":[],"class_list":["post-81457","post","type-post","status-publish","format-standard","hentry","category-economie","category-tunisie"],"_links":{"self":[{"href":"https:\/\/linitiative.ca\/International\/wp-json\/wp\/v2\/posts\/81457","targetHints":{"allow":["GET"]}}],"collection":[{"href":"https:\/\/linitiative.ca\/International\/wp-json\/wp\/v2\/posts"}],"about":[{"href":"https:\/\/linitiative.ca\/International\/wp-json\/wp\/v2\/types\/post"}],"author":[{"embeddable":true,"href":"https:\/\/linitiative.ca\/International\/wp-json\/wp\/v2\/users\/1775"}],"replies":[{"embeddable":true,"href":"https:\/\/linitiative.ca\/International\/wp-json\/wp\/v2\/comments?post=81457"}],"version-history":[{"count":0,"href":"https:\/\/linitiative.ca\/International\/wp-json\/wp\/v2\/posts\/81457\/revisions"}],"wp:attachment":[{"href":"https:\/\/linitiative.ca\/International\/wp-json\/wp\/v2\/media?parent=81457"}],"wp:term":[{"taxonomy":"category","embeddable":true,"href":"https:\/\/linitiative.ca\/International\/wp-json\/wp\/v2\/categories?post=81457"},{"taxonomy":"post_tag","embeddable":true,"href":"https:\/\/linitiative.ca\/International\/wp-json\/wp\/v2\/tags?post=81457"}],"curies":[{"name":"wp","href":"https:\/\/api.w.org\/{rel}","templated":true}]}}