{"id":81466,"date":"2020-04-07T11:22:00","date_gmt":"2020-04-07T15:22:00","guid":{"rendered":"https:\/\/linitiative.ca\/International\/report-des-examens-dattestation-de-niveau\/"},"modified":"2020-04-07T11:22:00","modified_gmt":"2020-04-07T15:22:00","slug":"report-des-examens-dattestation-de-niveau","status":"publish","type":"post","link":"https:\/\/linitiative.ca\/International\/report-des-examens-dattestation-de-niveau\/","title":{"rendered":"Report des examens d\u2019attestation de niveau"},"content":{"rendered":"<div id=\"originalText\" readability=\"51\">\n<p class=\"c6\">Le minist\u00e8re de l&rsquo;Education nationale a d\u00e9cid\u00e9 le\u00a0report \u00e0 une date ult\u00e9rieure des examens d&rsquo;attestation de niveau (session\u00a02020) pour les apprenants \u00e0 distance, initialement pr\u00e9vus le 21 avril en\u00a0cours, a indiqu\u00e9, mardi, un communiqu\u00e9 du minist\u00e8re.<\/p>\n<p class=\"c6\">Cette d\u00e9cision s&rsquo;inscrit dans le cadre des mesures de pr\u00e9ventions visant \u00e0\u00a0endiguer la propagation du nouveau Coronavirus (Covid-19), ajoute la m\u00eame\u00a0source.\u00a0<\/p>\n<p class=\"c6\">Pour rappel, le ministre de l&rsquo;Education nationale avait annonc\u00e9 lundi\u00a0l&rsquo;\u00e9laboration d'\u00a0\u00bbune mouture de plan de contingence, aussi bien pour le cas\u00a0de prorogation que de lev\u00e9e du confinement\u00a0\u00bb, pr\u00e9cisant que l&rsquo;objectif \u00e9tant\u00a0\u00ab\u00a0de trouver les solutions ad\u00e9quates, notamment en ce qui concerne les\u00a0examens scolaires et l&rsquo;organisation des travaux de fin d&rsquo;\u00e9tudes\u00a0\u00bb.<br \/>Il avait assur\u00e9 que son d\u00e9partement \u00ab\u00a0ne prendra aucune d\u00e9cision sans\u00a0l&rsquo;association des diff\u00e9rents partenaires sociaux\u00a0\u00bb.<\/p>\n<p class=\"c7\"><strong>APS<\/strong><\/p>\n<\/div>\n<div id=\"text_core\" readability=\"51\">\n<p class=\"c6\">Le minist\u00e8re de l&rsquo;Education nationale a d\u00e9cid\u00e9 le\u00a0report \u00e0 une date ult\u00e9rieure des examens d&rsquo;attestation de niveau (session\u00a02020) pour les apprenants \u00e0 distance, initialement pr\u00e9vus le 21 avril en\u00a0cours, a indiqu\u00e9, mardi, un communiqu\u00e9 du minist\u00e8re.<\/p>\n<p class=\"c6\">Cette d\u00e9cision s&rsquo;inscrit dans le cadre des mesures de pr\u00e9ventions visant \u00e0\u00a0endiguer la propagation du nouveau Coronavirus (Covid-19), ajoute la m\u00eame\u00a0source.\u00a0<\/p>\n<p class=\"c6\">Pour rappel, le ministre de l&rsquo;Education nationale avait annonc\u00e9 lundi\u00a0l&rsquo;\u00e9laboration d'\u00a0\u00bbune mouture de plan de contingence, aussi bien pour le cas\u00a0de prorogation que de lev\u00e9e du confinement\u00a0\u00bb, pr\u00e9cisant que l&rsquo;objectif \u00e9tant\u00a0\u00ab\u00a0de trouver les solutions ad\u00e9quates, notamment en ce qui concerne les\u00a0examens scolaires et l&rsquo;organisation des travaux de fin d&rsquo;\u00e9tudes\u00a0\u00bb.<br \/>Il avait assur\u00e9 que son d\u00e9partement \u00ab\u00a0ne prendra aucune d\u00e9cision sans\u00a0l&rsquo;association des diff\u00e9rents partenaires sociaux\u00a0\u00bb.<\/p>\n<p class=\"c7\"><strong>APS<\/strong><\/p>\n<\/div>\n<p>Auteur:<br \/>\n<a href=\"https:\/\/www.liberte-algerie.com\/actualite\/report-des-examens-dattestation-de-niveau-337172\">Cliquez ici pour lire l&rsquo;article depuis sa source.<\/a><\/p>\n","protected":false},"excerpt":{"rendered":"<p>Le minist\u00e8re de l&rsquo;Education nationale a d\u00e9cid\u00e9 le\u00a0report \u00e0 une date ult\u00e9rieure des examens d&rsquo;attestation de niveau (session\u00a02020) pour les apprenants \u00e0 distance, initialement pr\u00e9vus le 21 avril en\u00a0cours, a indiqu\u00e9, mardi, un communiqu\u00e9 du minist\u00e8re. Cette d\u00e9cision s&rsquo;inscrit dans le cadre des mesures de pr\u00e9ventions visant \u00e0\u00a0endiguer la propagation du nouveau Coronavirus (Covid-19), ajoute [&hellip;]<\/p>\n","protected":false},"author":1742,"featured_media":0,"comment_status":"closed","ping_status":"closed","sticky":false,"template":"","format":"standard","meta":{"fifu_image_url":"","fifu_image_alt":"","footnotes":""},"categories":[73,53],"tags":[],"class_list":["post-81466","post","type-post","status-publish","format-standard","hentry","category-actualite","category-algerie"],"_links":{"self":[{"href":"https:\/\/linitiative.ca\/International\/wp-json\/wp\/v2\/posts\/81466","targetHints":{"allow":["GET"]}}],"collection":[{"href":"https:\/\/linitiative.ca\/International\/wp-json\/wp\/v2\/posts"}],"about":[{"href":"https:\/\/linitiative.ca\/International\/wp-json\/wp\/v2\/types\/post"}],"author":[{"embeddable":true,"href":"https:\/\/linitiative.ca\/International\/wp-json\/wp\/v2\/users\/1742"}],"replies":[{"embeddable":true,"href":"https:\/\/linitiative.ca\/International\/wp-json\/wp\/v2\/comments?post=81466"}],"version-history":[{"count":0,"href":"https:\/\/linitiative.ca\/International\/wp-json\/wp\/v2\/posts\/81466\/revisions"}],"wp:attachment":[{"href":"https:\/\/linitiative.ca\/International\/wp-json\/wp\/v2\/media?parent=81466"}],"wp:term":[{"taxonomy":"category","embeddable":true,"href":"https:\/\/linitiative.ca\/International\/wp-json\/wp\/v2\/categories?post=81466"},{"taxonomy":"post_tag","embeddable":true,"href":"https:\/\/linitiative.ca\/International\/wp-json\/wp\/v2\/tags?post=81466"}],"curies":[{"name":"wp","href":"https:\/\/api.w.org\/{rel}","templated":true}]}}