{"id":81470,"date":"2020-04-07T11:05:00","date_gmt":"2020-04-07T15:05:00","guid":{"rendered":"https:\/\/linitiative.ca\/International\/covid-19-de-nouveaux-horaires-pour-les-pharmacies\/"},"modified":"2020-04-07T11:05:00","modified_gmt":"2020-04-07T15:05:00","slug":"covid-19-de-nouveaux-horaires-pour-les-pharmacies","status":"publish","type":"post","link":"https:\/\/linitiative.ca\/International\/covid-19-de-nouveaux-horaires-pour-les-pharmacies\/","title":{"rendered":"Covid-19: De nouveaux horaires pour les pharmacies"},"content":{"rendered":"<div readability=\"35\">\n<p>Essaouira \u2013 Les autorit\u00e9s provinciales d\u2019Essaouira ont annonc\u00e9, r\u00e9cemment, la fixation de nouveaux horaires de travail et de garde des pharmacies relevant du territoire de la province.<\/p>\n<\/div>\n<div readability=\"68\">\n<p>Cette nouvelle d\u00e9cision, qui intervient conform\u00e9ment \u00e0 un arr\u00eat\u00e9 exceptionnel sign\u00e9 par le gouverneur de la province, M. Adil El Maliki, s\u2019inscrit dans le cadre des mesures pr\u00e9ventives prises par les autorit\u00e9s locales en vue d\u2019endiguer la propagation de la pand\u00e9mie du nouveau coronavirus (Covid-19).<\/p>\n<p>Ainsi, les pharmacies seront ouvertes du lundi au vendredi de 09H \u00e0 18H, alors que deux d\u2019entre elles relevant de la commune d\u2019Essaouira prendront le relais pour assurer la garde de nuit de 18H \u00e0 09H du matin le lendemain.<\/p>\n<p>Concernant les pharmacies de garde dans les autres collectivit\u00e9s territoriales, une d\u00e9cision doit \u00eatre prise \u00e0 ce sujet en coordination avec les autorit\u00e9s locales comp\u00e9tentes.<\/p>\n<p>Pour les journ\u00e9es de samedi et de dimanche, l\u2019arr\u00eat\u00e9 pr\u00e9voit que les pharmacies seront ouvertes de 09H \u00e0 12H30 au niveau de la commune d\u2019Essaouira, tandis que deux d\u2019entre elles vont assurer la garde du jour de 15H \u00e0 18H et deux autres la garde de nuit de 18H \u00e0 09H du jour suivant.<\/p>\n<p>S\u2019agissant des autres collectivit\u00e9s territoriales, les pharmacies vont ouvrir de 09H \u00e0 13H, alors qu\u2019une d\u00e9cision relative \u00e0 la garde de nuit doit \u00eatre prise en coordination avec les autorit\u00e9s locales comp\u00e9tentes, en vue de garantir la permanence de mani\u00e8re continue et efficace.<\/p>\n<p>Dans ce sens, l\u2019ensemble des pharmaciens ont \u00e9t\u00e9 invit\u00e9s \u00e0 se conformer aux nouveaux horaires fix\u00e9s, et \u00e0 respecter strictement les dispositions de cet arr\u00eat\u00e9, sous peine de sanctions disciplinaires.<\/p>\n<\/div>\n<p>Auteur: Meriem IGASS<br \/>\n<a href=\"http:\/\/www.mapmarrakech.ma\/fr\/covid-19-de-nouveaux-horaires-pour-les-pharmacies\/\">Cliquez ici pour lire l&rsquo;article depuis sa source.<\/a><\/p>\n","protected":false},"excerpt":{"rendered":"<p>Essaouira \u2013 Les autorit\u00e9s provinciales d\u2019Essaouira ont annonc\u00e9, r\u00e9cemment, la fixation de nouveaux horaires de travail et de garde des pharmacies relevant du territoire de la province. Cette nouvelle d\u00e9cision, qui intervient conform\u00e9ment \u00e0 un arr\u00eat\u00e9 exceptionnel sign\u00e9 par le gouverneur de la province, M. Adil El Maliki, s\u2019inscrit dans le cadre des mesures pr\u00e9ventives [&hellip;]<\/p>\n","protected":false},"author":1788,"featured_media":0,"comment_status":"closed","ping_status":"closed","sticky":false,"template":"","format":"standard","meta":{"fifu_image_url":"","fifu_image_alt":"","footnotes":""},"categories":[54,76],"tags":[],"class_list":["post-81470","post","type-post","status-publish","format-standard","hentry","category-maroc","category-regions"],"_links":{"self":[{"href":"https:\/\/linitiative.ca\/International\/wp-json\/wp\/v2\/posts\/81470","targetHints":{"allow":["GET"]}}],"collection":[{"href":"https:\/\/linitiative.ca\/International\/wp-json\/wp\/v2\/posts"}],"about":[{"href":"https:\/\/linitiative.ca\/International\/wp-json\/wp\/v2\/types\/post"}],"author":[{"embeddable":true,"href":"https:\/\/linitiative.ca\/International\/wp-json\/wp\/v2\/users\/1788"}],"replies":[{"embeddable":true,"href":"https:\/\/linitiative.ca\/International\/wp-json\/wp\/v2\/comments?post=81470"}],"version-history":[{"count":0,"href":"https:\/\/linitiative.ca\/International\/wp-json\/wp\/v2\/posts\/81470\/revisions"}],"wp:attachment":[{"href":"https:\/\/linitiative.ca\/International\/wp-json\/wp\/v2\/media?parent=81470"}],"wp:term":[{"taxonomy":"category","embeddable":true,"href":"https:\/\/linitiative.ca\/International\/wp-json\/wp\/v2\/categories?post=81470"},{"taxonomy":"post_tag","embeddable":true,"href":"https:\/\/linitiative.ca\/International\/wp-json\/wp\/v2\/tags?post=81470"}],"curies":[{"name":"wp","href":"https:\/\/api.w.org\/{rel}","templated":true}]}}