{"id":81471,"date":"2020-04-07T11:27:48","date_gmt":"2020-04-07T15:27:48","guid":{"rendered":"https:\/\/linitiative.ca\/International\/la-situation-epidemiologique-est-sous-controle\/"},"modified":"2020-04-07T11:27:48","modified_gmt":"2020-04-07T15:27:48","slug":"la-situation-epidemiologique-est-sous-controle","status":"publish","type":"post","link":"https:\/\/linitiative.ca\/International\/la-situation-epidemiologique-est-sous-controle\/","title":{"rendered":"La situation \u00e9pid\u00e9miologique est \u00ab\u00a0sous contr\u00f4le\u00a0\u00bb"},"content":{"rendered":"<div readability=\"38\">\n<p>Essaouira \u2013 La situation \u00e9pid\u00e9miologique du nouveau coronavirus (Covid-19) dans la province d\u2019Essaouira est \u00ab\u00a0sous contr\u00f4le\u00a0\u00bb, a assur\u00e9, mardi, le D\u00e9l\u00e9gu\u00e9 provincial de la Sant\u00e9, Dr. Zakaria Ait Lahcen.<\/p>\n<\/div>\n<div readability=\"88\">\n<p>Dans une d\u00e9claration \u00e0 la MAP, Dr. Ait Lahcen a pr\u00e9cis\u00e9 que \u00ab\u00a0la province d\u2019Essaouira a enregistr\u00e9 2 cas confirm\u00e9s d\u2019infection au Covid-19\u00a0\u00bb, dont un cas d\u00e9c\u00e9d\u00e9 suite \u00e0 une d\u00e9tresse respiratoire aigu\u00eb, vu que le patient \u00e9tait \u00e2g\u00e9 de plus de 70 ans et pr\u00e9sentait une comorbidit\u00e9 cardiaque, alors que le 2\u00e8me cas a \u00e9t\u00e9 d\u00e9clar\u00e9 gu\u00e9ri, le 5 avril, apr\u00e8s une r\u00e9ponse favorable \u00e0 un traitement de 10 jours.<\/p>\n<p>\u00ab\u00a0Les autorit\u00e9s sanitaires ont proc\u00e9d\u00e9 \u00e0 la d\u00e9tection de 9 cas suspects qui se sont r\u00e9v\u00e9l\u00e9s n\u00e9gatifs apr\u00e8s pr\u00e9l\u00e8vements d\u2019\u00e9chantillons envoy\u00e9s pour analyse \u00e0 l\u2019institut Pasteur-Maroc \u00e0 Casablanca\u00a0\u00bb, a-t-il ajout\u00e9.<\/p>\n<p>Et Dr. Ait Lahcen de noter que les \u00e9quipes m\u00e9dicales ont veill\u00e9 au suivi biquotidien de 19 sujets contacts des cas confirm\u00e9s 2 jours avant l\u2019apparition des signes cliniques et durant les 14 jours apr\u00e8s la manifestation de la maladie.<\/p>\n<p>\u00ab\u00a0A la date du 6 avril 2020, 4 cas contacts restent encore sous surveillance \u00e0 leur lieu de mise en quarantaine\u00a0\u00bb, a-t-il tenu \u00e0 pr\u00e9ciser.<\/p>\n<p>\u00ab\u00a0Aujourd\u2019hui, il y a z\u00e9ro cas d\u2019infection au Covid-19 en hospitalisation \u00e0 l\u2019h\u00f4pital provincial Sidi Mohammed Ben Abdellah\u00a0\u00bb \u00e0 Essaouira, o\u00f9 toute une unit\u00e9 a \u00e9t\u00e9 d\u00e9di\u00e9e \u00e0 l\u2019accueil des patients atteints du virus, et \u00e9quip\u00e9e de lits de r\u00e9animation et d\u2019autres r\u00e9serv\u00e9s aux cas non compliqu\u00e9s, a-t-il poursuivi.<\/p>\n<p>Il a fait savoir que les cas \u00e9ventuels seront sous \u00ab\u00a0une \u00e9troite prise en charge\u00a0\u00bb par des staffs m\u00e9dical, infirmier et technique ainsi que du personnel ambulancier relevant de l\u2019\u00e9tablissement hospitalier et des structures ambulatoires de la province, qui se sont port\u00e9s volontaires pour appuyer leurs confr\u00e8res de l\u2019h\u00f4pital, outre une \u00e9quipe de cadres de la m\u00e9decine militaire, compos\u00e9e de m\u00e9decins, d\u2019infirmiers, d\u2019aides soignants et d\u2019assistantes sociales.<\/p>\n<p>Toutefois, a insist\u00e9 Dr. Ait Lahcen, \u00ab\u00a0le fait que la province d\u2019Essaouira ne pr\u00e9sente pas maintenant aucun cas d\u2019infection au Covid-19 ne signifie aucunement qu\u2019il ne faut pas se conformer aux mesures de protection et de pr\u00e9vention et aux directives de confinement\u00a0\u00bb.<\/p>\n<p>Dans ce sens, le D\u00e9l\u00e9gu\u00e9 provincial de la Sant\u00e9 a appel\u00e9, en conclusion, la population locale \u00ab\u00a0\u00e0 faire preuve de plus de vigilance et d\u2019\u00eatre plus coop\u00e9rante\u00a0\u00bb afin d\u2019\u00e9viter l\u2019apparition de nouveaux cas de contamination par cette pand\u00e9mie.<\/p>\n<\/div>\n<p>Auteur: Meriem IGASS<br \/>\n<a href=\"http:\/\/www.mapmarrakech.ma\/fr\/la-situation-epidemiologique-est-sous-controle\/\">Cliquez ici pour lire l&rsquo;article depuis sa source.<\/a><\/p>\n","protected":false},"excerpt":{"rendered":"<p>Essaouira \u2013 La situation \u00e9pid\u00e9miologique du nouveau coronavirus (Covid-19) dans la province d\u2019Essaouira est \u00ab\u00a0sous contr\u00f4le\u00a0\u00bb, a assur\u00e9, mardi, le D\u00e9l\u00e9gu\u00e9 provincial de la Sant\u00e9, Dr. Zakaria Ait Lahcen. Dans une d\u00e9claration \u00e0 la MAP, Dr. Ait Lahcen a pr\u00e9cis\u00e9 que \u00ab\u00a0la province d\u2019Essaouira a enregistr\u00e9 2 cas confirm\u00e9s d\u2019infection au Covid-19\u00a0\u00bb, dont un cas [&hellip;]<\/p>\n","protected":false},"author":1788,"featured_media":0,"comment_status":"closed","ping_status":"closed","sticky":false,"template":"","format":"standard","meta":{"fifu_image_url":"","fifu_image_alt":"","footnotes":""},"categories":[54,76],"tags":[],"class_list":["post-81471","post","type-post","status-publish","format-standard","hentry","category-maroc","category-regions"],"_links":{"self":[{"href":"https:\/\/linitiative.ca\/International\/wp-json\/wp\/v2\/posts\/81471","targetHints":{"allow":["GET"]}}],"collection":[{"href":"https:\/\/linitiative.ca\/International\/wp-json\/wp\/v2\/posts"}],"about":[{"href":"https:\/\/linitiative.ca\/International\/wp-json\/wp\/v2\/types\/post"}],"author":[{"embeddable":true,"href":"https:\/\/linitiative.ca\/International\/wp-json\/wp\/v2\/users\/1788"}],"replies":[{"embeddable":true,"href":"https:\/\/linitiative.ca\/International\/wp-json\/wp\/v2\/comments?post=81471"}],"version-history":[{"count":0,"href":"https:\/\/linitiative.ca\/International\/wp-json\/wp\/v2\/posts\/81471\/revisions"}],"wp:attachment":[{"href":"https:\/\/linitiative.ca\/International\/wp-json\/wp\/v2\/media?parent=81471"}],"wp:term":[{"taxonomy":"category","embeddable":true,"href":"https:\/\/linitiative.ca\/International\/wp-json\/wp\/v2\/categories?post=81471"},{"taxonomy":"post_tag","embeddable":true,"href":"https:\/\/linitiative.ca\/International\/wp-json\/wp\/v2\/tags?post=81471"}],"curies":[{"name":"wp","href":"https:\/\/api.w.org\/{rel}","templated":true}]}}