{"id":81472,"date":"2020-04-07T11:31:55","date_gmt":"2020-04-07T15:31:55","guid":{"rendered":"https:\/\/linitiative.ca\/International\/intensification-des-operations-de-desinfection-a-benguerir\/"},"modified":"2020-04-07T11:31:55","modified_gmt":"2020-04-07T15:31:55","slug":"intensification-des-operations-de-desinfection-a-benguerir","status":"publish","type":"post","link":"https:\/\/linitiative.ca\/International\/intensification-des-operations-de-desinfection-a-benguerir\/","title":{"rendered":"Intensification des op\u00e9rations de d\u00e9sinfection \u00e0 Bengu\u00e9rir"},"content":{"rendered":"<div readability=\"37\">\n<p>Bengu\u00e9rir (province de Rehamna) \u2013 Les op\u00e9rations de d\u00e9sinfection et de st\u00e9rilisation des diff\u00e9rents espaces et services administratifs de la ville de Bengu\u00e9rir, men\u00e9es par le Bureau Communal d\u2019hygi\u00e8ne (BCH) se poursuivent et ce, dans le cadre des mesures proactives prises pour contenir la propagation de la pand\u00e9mie du nouveau coronavirus (Covid-19).<\/p>\n<\/div>\n<div readability=\"95\">\n<p>Ainsi, il a \u00e9t\u00e9 proc\u00e9d\u00e9, \u00e0 partir de lundi, \u00e0 l\u2019intensification des op\u00e9rations de st\u00e9rilisation et de d\u00e9sinfection de toutes les administrations publiques, des march\u00e9s et des boulevards, outre l\u2019organisation de vastes campagnes de sensibilisation aupr\u00e8s de la population locale pour l\u2019inciter \u00e0 se conformer aux mesures de confinement sanitaire, et d\u2019autres ax\u00e9es sur les r\u00e8gles d\u2019hygi\u00e8ne \u00e0 suivre.<\/p>\n<p>De son c\u00f4t\u00e9, le groupe OCP au niveau du site El Guentour continue, en coordination avec la pr\u00e9fecture de la province de Rehamna, la d\u00e9l\u00e9gation provinciale de la sant\u00e9 et les services communaux, la mise en \u0153uvre de son programme d\u2019action relatif \u00e0 la d\u00e9sinfection et \u00e0 la st\u00e9rilisation des espaces, lieux et services publics de ladite province.<\/p>\n<p>Ce programme concerne aussi les si\u00e8ges du district provincial de la s\u00fbret\u00e9 nationale \u00e0 Bengu\u00e9rir, des 2\u00e8 et 3\u00e8 arrondissements et des commissariats de la ville.<\/p>\n<p>Dans ce sens, le groupe OCP a mobilis\u00e9 des employ\u00e9s et des cadres m\u00e9dicaux ainsi du mat\u00e9riel logistique pour garantir la r\u00e9ussite de cette op\u00e9ration, tout en mettant \u00e0 contribution l\u2019expertise cumul\u00e9e en mati\u00e8re de pr\u00e9vention et de s\u00e9curit\u00e9 sanitaire.<\/p>\n<p>A cette occasion, le chef du BCH de Bengu\u00e9rir, Hassan Stentani, a indiqu\u00e9, dans une d\u00e9claration \u00e0 la MAP, que la commune a mis en place un programme int\u00e9gr\u00e9 de d\u00e9sinfection et de st\u00e9rilisation, ax\u00e9 essentiellement sur les \u00ab\u00a0points noirs\u00a0\u00bb de la ville qui enregistrent une forte densit\u00e9 d\u00e9mographique.<\/p>\n<p>Il a ajout\u00e9 que la r\u00e9alisation de ce programme a donn\u00e9 lieu \u00e0 d\u2019excellents r\u00e9sultats, puisque ces campagnes et op\u00e9rations ont couvert l\u2019ensemble des places et espaces publics de la ville, ainsi que les march\u00e9s et les services administratifs.<\/p>\n<p>M. Stentani a, en outre, rappel\u00e9 l\u2019organisation de campagnes de sensibilisation sur la pr\u00e9vention sanitaire, avec un focus sur la n\u00e9cessit\u00e9 de respecter les r\u00e8gles d\u2019hygi\u00e8ne, de porter des masques de protection et d\u2019\u00e9viter les poign\u00e9es de main et tout contact direct avec autrui, conform\u00e9ment aux normes adopt\u00e9es par l\u2019Organisation mondiale de la sant\u00e9.<\/p>\n<p>Ces campagnes de pr\u00e9vention, qui se d\u00e9roulent selon un plan de travail quotidien, s\u2019inscrivent dans le cadre des mesures prises au niveau de la province de Rehamna, en vue de lutter contre la propagation du Covid 19.<\/p>\n<\/div>\n<p>Auteur: Meriem IGASS<br \/>\n<a href=\"http:\/\/www.mapmarrakech.ma\/fr\/intensification-des-operations-de-desinfection-a-benguerir\/\">Cliquez ici pour lire l&rsquo;article depuis sa source.<\/a><\/p>\n","protected":false},"excerpt":{"rendered":"<p>Bengu\u00e9rir (province de Rehamna) \u2013 Les op\u00e9rations de d\u00e9sinfection et de st\u00e9rilisation des diff\u00e9rents espaces et services administratifs de la ville de Bengu\u00e9rir, men\u00e9es par le Bureau Communal d\u2019hygi\u00e8ne (BCH) se poursuivent et ce, dans le cadre des mesures proactives prises pour contenir la propagation de la pand\u00e9mie du nouveau coronavirus (Covid-19). Ainsi, il a [&hellip;]<\/p>\n","protected":false},"author":1788,"featured_media":0,"comment_status":"closed","ping_status":"closed","sticky":false,"template":"","format":"standard","meta":{"fifu_image_url":"","fifu_image_alt":"","footnotes":""},"categories":[54,76],"tags":[],"class_list":["post-81472","post","type-post","status-publish","format-standard","hentry","category-maroc","category-regions"],"_links":{"self":[{"href":"https:\/\/linitiative.ca\/International\/wp-json\/wp\/v2\/posts\/81472","targetHints":{"allow":["GET"]}}],"collection":[{"href":"https:\/\/linitiative.ca\/International\/wp-json\/wp\/v2\/posts"}],"about":[{"href":"https:\/\/linitiative.ca\/International\/wp-json\/wp\/v2\/types\/post"}],"author":[{"embeddable":true,"href":"https:\/\/linitiative.ca\/International\/wp-json\/wp\/v2\/users\/1788"}],"replies":[{"embeddable":true,"href":"https:\/\/linitiative.ca\/International\/wp-json\/wp\/v2\/comments?post=81472"}],"version-history":[{"count":0,"href":"https:\/\/linitiative.ca\/International\/wp-json\/wp\/v2\/posts\/81472\/revisions"}],"wp:attachment":[{"href":"https:\/\/linitiative.ca\/International\/wp-json\/wp\/v2\/media?parent=81472"}],"wp:term":[{"taxonomy":"category","embeddable":true,"href":"https:\/\/linitiative.ca\/International\/wp-json\/wp\/v2\/categories?post=81472"},{"taxonomy":"post_tag","embeddable":true,"href":"https:\/\/linitiative.ca\/International\/wp-json\/wp\/v2\/tags?post=81472"}],"curies":[{"name":"wp","href":"https:\/\/api.w.org\/{rel}","templated":true}]}}