{"id":81480,"date":"2020-04-06T14:37:37","date_gmt":"2020-04-06T18:37:37","guid":{"rendered":"https:\/\/linitiative.ca\/International\/coronavirus-1120-cas-confirmes-au-maroc\/"},"modified":"2020-04-06T14:37:37","modified_gmt":"2020-04-06T18:37:37","slug":"coronavirus-1120-cas-confirmes-au-maroc","status":"publish","type":"post","link":"https:\/\/linitiative.ca\/International\/coronavirus-1120-cas-confirmes-au-maroc\/","title":{"rendered":"Coronavirus: 1120 cas confirm\u00e9s au Maroc"},"content":{"rendered":"<div class=\"single-featured\"><img alt=\"\" data-src=\"http:\/\/www.mapoujda.ma\/map\/uploads\/2020\/04\/1120-Bilan-FR-site-R&#xE9;gionaux-M750&#xD7;430-MAP.png\"\/><\/div>\n<div class=\"entry-content clearfix single-post-content\" readability=\"48\">\n<p class=\"c4\">Le nombre de cas d\u2019infection au nouveau coronavirus confirm\u00e9s au Maroc a atteint 1120, jusqu\u2019\u00e0 18H00 de ce lundi, a annonc\u00e9 le minist\u00e8re de la Sant\u00e9.<\/p>\n<p class=\"c4\">Le nombre de personnes d\u00e9clar\u00e9es gu\u00e9ries s\u2019est \u00e9lev\u00e9 \u00e0 81 cas (10 r\u00e9missions suppl\u00e9mentaires), alors que celui des d\u00e9c\u00e8s a atteint 80 apr\u00e8s l\u2019enregistrement de 11 nouveaux d\u00e9c\u00e8s lors des derni\u00e8res 24H, a indiqu\u00e9 le directeur de l\u2019\u00e9pid\u00e9miologie et de lutte contre les maladies au minist\u00e8re de la Sant\u00e9, Mohamed El Youbi, dans une d\u00e9claration retransmise par la MAP sur sa cha\u00eene de t\u00e9l\u00e9vision, M24 et RIM RADIO.<\/p>\n<p class=\"c4\">Il a en outre fait \u00e9tat de 3.984 cas probables d\u2019infection qui ont \u00e9t\u00e9 exclus apr\u00e8s des r\u00e9sultats n\u00e9gatifs d\u2019analyses effectu\u00e9es au laboratoire.<\/p>\n<\/div>\n<p>Auteur: Soufiane ELAHMAR<br \/>\n<a href=\"http:\/\/www.mapoujda.ma\/fr\/coronavirus-1120-cas-confirmes-au-maroc\/\">Cliquez ici pour lire l&rsquo;article depuis sa source.<\/a><\/p>\n","protected":false},"excerpt":{"rendered":"<p>Le nombre de cas d\u2019infection au nouveau coronavirus confirm\u00e9s au Maroc a atteint 1120, jusqu\u2019\u00e0 18H00 de ce lundi, a annonc\u00e9 le minist\u00e8re de la Sant\u00e9. Le nombre de personnes d\u00e9clar\u00e9es gu\u00e9ries s\u2019est \u00e9lev\u00e9 \u00e0 81 cas (10 r\u00e9missions suppl\u00e9mentaires), alors que celui des d\u00e9c\u00e8s a atteint 80 apr\u00e8s l\u2019enregistrement de 11 nouveaux d\u00e9c\u00e8s lors [&hellip;]<\/p>\n","protected":false},"author":1788,"featured_media":81481,"comment_status":"closed","ping_status":"closed","sticky":false,"template":"","format":"standard","meta":{"fifu_image_url":"","fifu_image_alt":"","footnotes":""},"categories":[54,76],"tags":[],"class_list":["post-81480","post","type-post","status-publish","format-standard","has-post-thumbnail","hentry","category-maroc","category-regions"],"_links":{"self":[{"href":"https:\/\/linitiative.ca\/International\/wp-json\/wp\/v2\/posts\/81480","targetHints":{"allow":["GET"]}}],"collection":[{"href":"https:\/\/linitiative.ca\/International\/wp-json\/wp\/v2\/posts"}],"about":[{"href":"https:\/\/linitiative.ca\/International\/wp-json\/wp\/v2\/types\/post"}],"author":[{"embeddable":true,"href":"https:\/\/linitiative.ca\/International\/wp-json\/wp\/v2\/users\/1788"}],"replies":[{"embeddable":true,"href":"https:\/\/linitiative.ca\/International\/wp-json\/wp\/v2\/comments?post=81480"}],"version-history":[{"count":0,"href":"https:\/\/linitiative.ca\/International\/wp-json\/wp\/v2\/posts\/81480\/revisions"}],"wp:featuredmedia":[{"embeddable":true,"href":"https:\/\/linitiative.ca\/International\/wp-json\/"}],"wp:attachment":[{"href":"https:\/\/linitiative.ca\/International\/wp-json\/wp\/v2\/media?parent=81480"}],"wp:term":[{"taxonomy":"category","embeddable":true,"href":"https:\/\/linitiative.ca\/International\/wp-json\/wp\/v2\/categories?post=81480"},{"taxonomy":"post_tag","embeddable":true,"href":"https:\/\/linitiative.ca\/International\/wp-json\/wp\/v2\/tags?post=81480"}],"curies":[{"name":"wp","href":"https:\/\/api.w.org\/{rel}","templated":true}]}}