{"id":81482,"date":"2020-04-06T15:52:02","date_gmt":"2020-04-06T19:52:02","guid":{"rendered":"https:\/\/linitiative.ca\/International\/operation-de-desinfection-a-la-prison-locale-de-taourirt\/"},"modified":"2020-04-06T15:52:02","modified_gmt":"2020-04-06T19:52:02","slug":"operation-de-desinfection-a-la-prison-locale-de-taourirt","status":"publish","type":"post","link":"https:\/\/linitiative.ca\/International\/operation-de-desinfection-a-la-prison-locale-de-taourirt\/","title":{"rendered":"Op\u00e9ration de d\u00e9sinfection \u00e0 la prison locale de Taourirt"},"content":{"rendered":"<p>La prison locale de Taourirt a connu r\u00e9cemment une op\u00e9ration de d\u00e9sinfection et de st\u00e9rilisation, dans le cadre des mesures pr\u00e9ventives visant \u00e0 lutter contre la propagation du nouveau coronavirus.<\/p>\n<p>Cette op\u00e9ration s\u2019inscrit dans le cadre d\u2019une campagne de d\u00e9sinfection men\u00e9e par les autorit\u00e9s locales sous la supervision de la pr\u00e9fecture de la province, et qui cible les espaces et les \u00e9tablissements publics \u00e0 travers la province, en droite ligne avec la mobilisation g\u00e9n\u00e9rale pour endiguer la pand\u00e9mie du Covid-19.<\/p>\n<p>Cette initiative vient aussi appuyer les actions men\u00e9es au quotidien au niveau de la prison locale de Taourirt, \u00e0 l\u2019instar de l\u2019ensemble des \u00e9tablissements p\u00e9nitentiaires du Maroc, pour garantir la s\u00e9curit\u00e9 sanitaire des pensionnaires et des fonctionnaires.<\/p>\n<p>Le directeur de la prison locale de Taourirt, Mohamed Azizi, a salu\u00e9 cette op\u00e9ration de d\u00e9sinfection men\u00e9e par le personnel de la Promotion nationale et les autorit\u00e9s provinciales, dans le cadre des efforts de protection de l\u2019espace carc\u00e9ral contre le Covid-19.<\/p>\n<p>Il a aussi indiqu\u00e9 que la D\u00e9l\u00e9gation g\u00e9n\u00e9rale \u00e0 l\u2019administration p\u00e9nitentiaire et \u00e0 la r\u00e9insertion (DGAPR) a pris plusieurs mesures pr\u00e9ventives notamment la mise en quarantaine du personnel carc\u00e9ral, en plus de fournir l\u2019ensemble des moyens de pr\u00e9vention et d\u2019hygi\u00e8ne, comme les produits de nettoyage et de st\u00e9rilisation, et ce pour prot\u00e9ger les pensionnaires et le personnel carc\u00e9ral.<\/p>\n<p>De son c\u00f4t\u00e9, Abdellah El Harti, chef de la division des collectivit\u00e9s territoriales \u00e0 la pr\u00e9fecture de la province de Taourirt, a not\u00e9 que cette op\u00e9ration fait partie de la campagne de d\u00e9sinfection compl\u00e8te de l\u2019ensemble des espaces publics et \u00e9tablissements de la province.<\/p>\n<p>Cette campagne est men\u00e9e de mani\u00e8re quotidienne dans tous les espaces enregistrant une affluence de la population et touche l\u2019ensemble du territoire de la province, conform\u00e9ment au principe de l\u2019administration de proximit\u00e9, a-t-il ajout\u00e9.<\/p>\n<p>Auteur: Soufiane ELAHMAR<br \/>\n<a href=\"http:\/\/www.mapoujda.ma\/fr\/operation-de-desinfection-a-la-prison-locale-de-taourirt\/\">Cliquez ici pour lire l&rsquo;article depuis sa source.<\/a><\/p>\n","protected":false},"excerpt":{"rendered":"<p>La prison locale de Taourirt a connu r\u00e9cemment une op\u00e9ration de d\u00e9sinfection et de st\u00e9rilisation, dans le cadre des mesures pr\u00e9ventives visant \u00e0 lutter contre la propagation du nouveau coronavirus. Cette op\u00e9ration s\u2019inscrit dans le cadre d\u2019une campagne de d\u00e9sinfection men\u00e9e par les autorit\u00e9s locales sous la supervision de la pr\u00e9fecture de la province, et [&hellip;]<\/p>\n","protected":false},"author":1788,"featured_media":0,"comment_status":"closed","ping_status":"closed","sticky":false,"template":"","format":"standard","meta":{"fifu_image_url":"","fifu_image_alt":"","footnotes":""},"categories":[54,76],"tags":[],"class_list":["post-81482","post","type-post","status-publish","format-standard","hentry","category-maroc","category-regions"],"_links":{"self":[{"href":"https:\/\/linitiative.ca\/International\/wp-json\/wp\/v2\/posts\/81482","targetHints":{"allow":["GET"]}}],"collection":[{"href":"https:\/\/linitiative.ca\/International\/wp-json\/wp\/v2\/posts"}],"about":[{"href":"https:\/\/linitiative.ca\/International\/wp-json\/wp\/v2\/types\/post"}],"author":[{"embeddable":true,"href":"https:\/\/linitiative.ca\/International\/wp-json\/wp\/v2\/users\/1788"}],"replies":[{"embeddable":true,"href":"https:\/\/linitiative.ca\/International\/wp-json\/wp\/v2\/comments?post=81482"}],"version-history":[{"count":0,"href":"https:\/\/linitiative.ca\/International\/wp-json\/wp\/v2\/posts\/81482\/revisions"}],"wp:attachment":[{"href":"https:\/\/linitiative.ca\/International\/wp-json\/wp\/v2\/media?parent=81482"}],"wp:term":[{"taxonomy":"category","embeddable":true,"href":"https:\/\/linitiative.ca\/International\/wp-json\/wp\/v2\/categories?post=81482"},{"taxonomy":"post_tag","embeddable":true,"href":"https:\/\/linitiative.ca\/International\/wp-json\/wp\/v2\/tags?post=81482"}],"curies":[{"name":"wp","href":"https:\/\/api.w.org\/{rel}","templated":true}]}}