{"id":81483,"date":"2020-04-06T18:15:52","date_gmt":"2020-04-06T22:15:52","guid":{"rendered":"https:\/\/linitiative.ca\/International\/covid-19-le-port-des-masques-est-obligatoire-des-mardi\/"},"modified":"2020-04-06T18:15:52","modified_gmt":"2020-04-06T22:15:52","slug":"covid-19-le-port-des-masques-est-obligatoire-des-mardi","status":"publish","type":"post","link":"https:\/\/linitiative.ca\/International\/covid-19-le-port-des-masques-est-obligatoire-des-mardi\/","title":{"rendered":"Covid-19 : Le port des masques est obligatoire d\u00e8s mardi"},"content":{"rendered":"<p class=\"c4\">Les autorit\u00e9s publiques ont d\u00e9cid\u00e9 de l\u2019obligation de port des masques de protection \u00e0 partir du mardi pour l\u2019ensemble des personnes autoris\u00e9es \u00e0 se d\u00e9placer en dehors de leur lieu de r\u00e9sidence dans les cas d\u2019exception fix\u00e9s auparavant.<\/p>\n<p class=\"c4\">Cette mesure s\u2019inscrit dans le cadre des efforts d\u00e9ploy\u00e9s pour lutter contre la propagation de l\u2019\u00e9pid\u00e9mie du nouveau Coronavirus (Covid-19), et conform\u00e9ment aux Hautes Instructions de SM le Roi Mohammed VI, que Dieu L\u2019assiste, concernant la prise des mesures n\u00e9cessaires pour garantir la disponibilit\u00e9 des masques de protection pour l\u2019ensemble des citoyens \u00e0 un prix raisonnable, et sur la base de l\u2019article 3 du d\u00e9cret-loi 2.20.292, indique un communiqu\u00e9 conjoint des minist\u00e8res de l\u2019Int\u00e9rieur, de la Sant\u00e9, de l\u2019\u00c9conomie, des finances et de la r\u00e9forme de l\u2019administration et de l\u2019Industrie, du Commerce et de l\u2019Economie verte et num\u00e9rique.<\/p>\n<p class=\"c4\">Pour garantir la disponibilit\u00e9 de ces masques en quantit\u00e9s suffisantes, et dans le cadre de l\u2019application des Hautes instructions royales, les autorit\u00e9s ont mobilis\u00e9 un ensemble d\u2019industriels nationaux pour l\u2019approvisionnement du march\u00e9 national en ces masques de protection, ajoute la m\u00eame source, pr\u00e9cisant que leur prix de vente a \u00e9t\u00e9 fix\u00e9 \u00e0 80 centimes l\u2019unit\u00e9 et ce avec le soutien du Fonds sp\u00e9cial pour la gestion de la pand\u00e9mie du Covid-19.<\/p>\n<p class=\"c4\">Dans ce cadre, toutes les mesures n\u00e9cessaires ont \u00e9t\u00e9 prises pour garantir la commercialisation des masques de protection au niveau de l\u2019ensemble des commerces de proximit\u00e9, indique le communiqu\u00e9.<\/p>\n<p class=\"c4\">Le port du masque est un devoir et une obligation et tout contrevenant est passible des sanctions pr\u00e9vues par l\u2019article 4 du d\u00e9cret-loi 2.20.292 qui pr\u00e9voit une peine de prison allant d\u2019un \u00e0 trois mois et d\u2019une amende entre 300 et 1.300 DH, ou l\u2019une des deux en respectant le principe de la peine la plus lourde, conclut la m\u00eame source.<\/p>\n<p>Auteur: Soufiane ELAHMAR<br \/>\n<a href=\"http:\/\/www.mapoujda.ma\/fr\/covid-19-le-port-des-masques-est-obligatoire-des-mardi\/\">Cliquez ici pour lire l&rsquo;article depuis sa source.<\/a><\/p>\n","protected":false},"excerpt":{"rendered":"<p>Les autorit\u00e9s publiques ont d\u00e9cid\u00e9 de l\u2019obligation de port des masques de protection \u00e0 partir du mardi pour l\u2019ensemble des personnes autoris\u00e9es \u00e0 se d\u00e9placer en dehors de leur lieu de r\u00e9sidence dans les cas d\u2019exception fix\u00e9s auparavant. Cette mesure s\u2019inscrit dans le cadre des efforts d\u00e9ploy\u00e9s pour lutter contre la propagation de l\u2019\u00e9pid\u00e9mie du [&hellip;]<\/p>\n","protected":false},"author":1788,"featured_media":0,"comment_status":"closed","ping_status":"closed","sticky":false,"template":"","format":"standard","meta":{"fifu_image_url":"","fifu_image_alt":"","footnotes":""},"categories":[54,76],"tags":[],"class_list":["post-81483","post","type-post","status-publish","format-standard","hentry","category-maroc","category-regions"],"_links":{"self":[{"href":"https:\/\/linitiative.ca\/International\/wp-json\/wp\/v2\/posts\/81483","targetHints":{"allow":["GET"]}}],"collection":[{"href":"https:\/\/linitiative.ca\/International\/wp-json\/wp\/v2\/posts"}],"about":[{"href":"https:\/\/linitiative.ca\/International\/wp-json\/wp\/v2\/types\/post"}],"author":[{"embeddable":true,"href":"https:\/\/linitiative.ca\/International\/wp-json\/wp\/v2\/users\/1788"}],"replies":[{"embeddable":true,"href":"https:\/\/linitiative.ca\/International\/wp-json\/wp\/v2\/comments?post=81483"}],"version-history":[{"count":0,"href":"https:\/\/linitiative.ca\/International\/wp-json\/wp\/v2\/posts\/81483\/revisions"}],"wp:attachment":[{"href":"https:\/\/linitiative.ca\/International\/wp-json\/wp\/v2\/media?parent=81483"}],"wp:term":[{"taxonomy":"category","embeddable":true,"href":"https:\/\/linitiative.ca\/International\/wp-json\/wp\/v2\/categories?post=81483"},{"taxonomy":"post_tag","embeddable":true,"href":"https:\/\/linitiative.ca\/International\/wp-json\/wp\/v2\/tags?post=81483"}],"curies":[{"name":"wp","href":"https:\/\/api.w.org\/{rel}","templated":true}]}}