{"id":81484,"date":"2020-04-07T14:16:49","date_gmt":"2020-04-07T18:16:49","guid":{"rendered":"https:\/\/linitiative.ca\/International\/covid-19-64-nouveaux-cas-confirmes-au-maroc-1184-au-total\/"},"modified":"2020-04-07T14:16:49","modified_gmt":"2020-04-07T18:16:49","slug":"covid-19-64-nouveaux-cas-confirmes-au-maroc-1184-au-total","status":"publish","type":"post","link":"https:\/\/linitiative.ca\/International\/covid-19-64-nouveaux-cas-confirmes-au-maroc-1184-au-total\/","title":{"rendered":"Covid-19: 64 nouveaux cas confirm\u00e9s au Maroc, 1184 au total"},"content":{"rendered":"<p class=\"c4\">Soixante-quatre (64) cas d\u2019infection au coronavirus (Covid-19) ont \u00e9t\u00e9 confirm\u00e9s au Maroc dans les derni\u00e8res 24 heures, portant \u00e0 1.184 le nombre total des cas de contamination, a annonc\u00e9 mardi le minist\u00e8re de la Sant\u00e9.<\/p>\n<p class=\"c4\">Le nombre de personnes d\u00e9clar\u00e9es gu\u00e9ries s\u2019est \u00e9lev\u00e9, jusqu\u2019\u00e0 mardi \u00e0 18H00, \u00e0 93 cas (12 r\u00e9missions suppl\u00e9mentaires), alors que celui des d\u00e9c\u00e8s a atteint 90, apr\u00e8s l\u2019enregistrement de 10 nouveaux d\u00e9c\u00e8s lors des derni\u00e8res 24H, a indiqu\u00e9 le directeur de l\u2019\u00e9pid\u00e9miologie et de lutte contre les maladies au minist\u00e8re de la Sant\u00e9, Mohamed El Youbi, dans une d\u00e9claration retransmise par la MAP sur sa cha\u00eene de t\u00e9l\u00e9vision, M24 et RIM RADIO.<\/p>\n<p class=\"c4\">Il a, en outre, fait \u00e9tat de 4.253 cas probables d\u2019infection qui ont \u00e9t\u00e9 exclus apr\u00e8s des r\u00e9sultats d\u2019analyses effectu\u00e9es au laboratoire et r\u00e9v\u00e9l\u00e9s n\u00e9gatifs.<\/p>\n<p class=\"c4\">Par r\u00e9gions, Casablanca-Settat compte toujours le plus grand nombre de cas, suivie notamment de Marrakech-Safi, Rabat-Sal\u00e9-K\u00e9nitra, F\u00e8s-Mekn\u00e8s, Tanger-T\u00e9touan-Al Hoceima et l\u2019Oriental, a-t-il fait savoir, relevant que Dakhla-Oued Eddahab est l\u2019unique r\u00e9gion qui n\u2019enregistre aucun cas jusqu\u2019\u00e0 pr\u00e9sent.<\/p>\n<p class=\"c4\">Par provinces et pr\u00e9fectures, les cas sont toujours concentr\u00e9s au Grand Casablanca, Marrakech, Rabat, F\u00e8s et Mekn\u00e8s, entre autres, a-t-il fait observer.<\/p>\n<p class=\"c4\">\u00ab\u00a0A l\u2019int\u00e9rieur de ces provinces et pr\u00e9fectures, on constate une dynamique autour de certains foyers et familles au sein desquels, le nombre de cas est en constante hausse\u00a0\u00bb, a soulign\u00e9 le responsable.<\/p>\n<p class=\"c4\">Il a assur\u00e9, dans ce sens, que 8.181 personnes contacts ont \u00e9t\u00e9 plac\u00e9es sous surveillance jusqu\u2019\u00e0 pr\u00e9sent, ce qui a permis de d\u00e9tecter 374 cas confirm\u00e9s.<\/p>\n<p class=\"c4\">Abordant l\u2019\u00e9tat de sant\u00e9 des cas confirm\u00e9s, il a indiqu\u00e9 que plus de 15% ne pr\u00e9sentaient pas de sympt\u00f4mes, 70% \u00e9taient des cas l\u00e9gers ou b\u00e9nins et 14,7% \u00e9taient en stade avanc\u00e9 ou dans un \u00e9tat grave.<\/p>\n<p class=\"c4\">Par sexe, on constate un certain \u00e9quilibre dans la r\u00e9partition des cas confirm\u00e9s, a not\u00e9 M. El Youbi, ajoutant que la moyenne d\u2019\u00e2ge des cas confirm\u00e9s est pass\u00e9e \u00e0 48 ans, avec deux mois comme \u00e2ge minime et 96 ans comme \u00e2ge maximum.<\/p>\n<p class=\"c4\">Par ailleurs, il a indiqu\u00e9 que les donn\u00e9es relatives \u00e0 cette pand\u00e9mie au Maroc seront actualis\u00e9es deux fois sur le site web du minist\u00e8re, \u00e0 10h00 et \u00e0 18h00 apr\u00e8s la d\u00e9claration t\u00e9l\u00e9vis\u00e9e quotidienne.<\/p>\n<p>Auteur: Soufiane ELAHMAR<br \/>\n<a href=\"http:\/\/www.mapoujda.ma\/fr\/covid-19-64-nouveaux-cas-confirmes-au-maroc-1184-au-total\/\">Cliquez ici pour lire l&rsquo;article depuis sa source.<\/a><\/p>\n","protected":false},"excerpt":{"rendered":"<p>Soixante-quatre (64) cas d\u2019infection au coronavirus (Covid-19) ont \u00e9t\u00e9 confirm\u00e9s au Maroc dans les derni\u00e8res 24 heures, portant \u00e0 1.184 le nombre total des cas de contamination, a annonc\u00e9 mardi le minist\u00e8re de la Sant\u00e9. Le nombre de personnes d\u00e9clar\u00e9es gu\u00e9ries s\u2019est \u00e9lev\u00e9, jusqu\u2019\u00e0 mardi \u00e0 18H00, \u00e0 93 cas (12 r\u00e9missions suppl\u00e9mentaires), alors que [&hellip;]<\/p>\n","protected":false},"author":1788,"featured_media":0,"comment_status":"closed","ping_status":"closed","sticky":false,"template":"","format":"standard","meta":{"fifu_image_url":"","fifu_image_alt":"","footnotes":""},"categories":[54,76],"tags":[],"class_list":["post-81484","post","type-post","status-publish","format-standard","hentry","category-maroc","category-regions"],"_links":{"self":[{"href":"https:\/\/linitiative.ca\/International\/wp-json\/wp\/v2\/posts\/81484","targetHints":{"allow":["GET"]}}],"collection":[{"href":"https:\/\/linitiative.ca\/International\/wp-json\/wp\/v2\/posts"}],"about":[{"href":"https:\/\/linitiative.ca\/International\/wp-json\/wp\/v2\/types\/post"}],"author":[{"embeddable":true,"href":"https:\/\/linitiative.ca\/International\/wp-json\/wp\/v2\/users\/1788"}],"replies":[{"embeddable":true,"href":"https:\/\/linitiative.ca\/International\/wp-json\/wp\/v2\/comments?post=81484"}],"version-history":[{"count":0,"href":"https:\/\/linitiative.ca\/International\/wp-json\/wp\/v2\/posts\/81484\/revisions"}],"wp:attachment":[{"href":"https:\/\/linitiative.ca\/International\/wp-json\/wp\/v2\/media?parent=81484"}],"wp:term":[{"taxonomy":"category","embeddable":true,"href":"https:\/\/linitiative.ca\/International\/wp-json\/wp\/v2\/categories?post=81484"},{"taxonomy":"post_tag","embeddable":true,"href":"https:\/\/linitiative.ca\/International\/wp-json\/wp\/v2\/tags?post=81484"}],"curies":[{"name":"wp","href":"https:\/\/api.w.org\/{rel}","templated":true}]}}