{"id":81485,"date":"2020-04-07T13:47:10","date_gmt":"2020-04-07T17:47:10","guid":{"rendered":"https:\/\/linitiative.ca\/International\/aviculture-du-materiel-genetique-importe-du-bresil\/"},"modified":"2020-04-07T13:47:10","modified_gmt":"2020-04-07T17:47:10","slug":"aviculture-du-materiel-genetique-importe-du-bresil","status":"publish","type":"post","link":"https:\/\/linitiative.ca\/International\/aviculture-du-materiel-genetique-importe-du-bresil\/","title":{"rendered":"Aviculture: Du mat\u00e9riel g\u00e9n\u00e9tique import\u00e9 du Br\u00e9sil"},"content":{"rendered":"<div class=\"body\">\n<div class=\"field field-name-body field-type-text-with-summary field-label-hidden\">\n<div class=\"field-items\" readability=\"8.5\">\n<div class=\"field-item even\" property=\"content:encoded\" readability=\"12\">\n<p class=\"rtejustify\">L\u2019Office national de s\u00e9curit\u00e9 sanitaire des produits alimentaires (ONSSA) a autoris\u00e9 l\u2019importation de poussins d\u2019un jour et d\u2019\u0153ufs embryonn\u00e9s en provenance du Br\u00e9sil, indique le minist\u00e8re br\u00e9silien de l\u2019Agriculture, de l\u2019\u00c9levage et de l\u2019Approvisionnement. Le d\u00e9partement a accord\u00e9 l\u2019autorisation d\u2019exportation \u00e0 l\u2019Association br\u00e9silienne des prot\u00e9ines animales (ABPA). L\u2019exportation vers le Maroc \u00e9tait soumise \u00e0 l\u2019obtention d\u2019un certificat zoosanitaire international (CZI) qui a \u00e9t\u00e9 finalis\u00e9 cette ann\u00e9e par les autorit\u00e9s des deux pays.<\/p>\n<p class=\"rtejustify\"><em>E.M.G.<\/em><\/p>\n<p class=\"rtejustify\">\u00a0<\/p>\n<\/div>\n<\/div>\n<\/div>\n<\/div>\n<div class=\"eco-conseil\">\n<div class=\"view view-eco-conseil-16 view-id-eco_conseil_16 view-display-id-cookies view-dom-id-c5b0a1426fd20fa58bbe7731e09429bd\">\n<div class=\"view-content\">\n<div id=\"views-bootstrap-grid-1\" class=\"views-bootstrap-grid-plugin-style\">\n<div class=\"row\">\n<div class=\" col-xs-12 col-lg-4\">\n<div class=\"row\">\n<div class=\"col col-xs-12 col-lg-12\">\n<div class=\"field-content\"><a href=\"\/article\/1060171-masques-de-protection-une-penurie-deja-casablanca\"><img loading=\"lazy\" decoding=\"async\" class=\"img-responsive\" typeof=\"foaf:Image\" src=\"https:\/\/www.leconomiste.com\/sites\/default\/files\/eco7\/public\/styles\/800x400\/public\/default_images\/default_une.jpg?itok=4jZlgnIZ\" width=\"660\" height=\"330\" alt=\"\"\/><\/a><\/div>\n<\/div>\n<div class=\" title_suite_2 col col-xs-12 col-lg-12\"> <a href=\"\/article\/1060171-masques-de-protection-une-penurie-deja-casablanca\"\/><span class=\"field-content\">Article 1060171<\/span><\/div>\n<\/div>\n<\/div>\n<div class=\" col-xs-12 col-lg-4\">\n<div class=\"row\">\n<div class=\"col col-xs-12 col-lg-12\">\n<div class=\"field-content\"><a href=\"\/article\/1060170-pas-de-masques-oujda\"><img loading=\"lazy\" decoding=\"async\" class=\"img-responsive\" typeof=\"foaf:Image\" src=\"https:\/\/www.leconomiste.com\/sites\/default\/files\/eco7\/public\/styles\/800x400\/public\/default_images\/default_une.jpg?itok=4jZlgnIZ\" width=\"660\" height=\"330\" alt=\"\"\/><\/a><\/div>\n<\/div>\n<div class=\" title_suite_2 col col-xs-12 col-lg-12\"> <a href=\"\/article\/1060170-pas-de-masques-oujda\"\/><span class=\"field-content\">Pas de masques \u00e0 Oujda<\/span><\/div>\n<\/div>\n<\/div>\n<div class=\" col-xs-12 col-lg-4\">\n<div class=\"row\">\n<div class=\"col col-xs-12 col-lg-12\">\n<div class=\"field-content\"><a href=\"\/article\/1060169-vivo-energy-offre-des-dotations-de-carburant-au-personnel-medical\"><img loading=\"lazy\" decoding=\"async\" class=\"img-responsive\" typeof=\"foaf:Image\" src=\"https:\/\/www.leconomiste.com\/sites\/default\/files\/eco7\/public\/styles\/800x400\/public\/default_images\/default_une.jpg?itok=4jZlgnIZ\" width=\"660\" height=\"330\" alt=\"\"\/><\/a><\/div>\n<\/div>\n<div class=\" title_suite_2 col col-xs-12 col-lg-12\"> <a href=\"\/article\/1060169-vivo-energy-offre-des-dotations-de-carburant-au-personnel-medical\"\/><span class=\"field-content\">Vivo Energy offre des dotations de carburant au personnel m\u00e9dical<\/span><\/div>\n<\/div>\n<\/div>\n<\/div>\n<\/div>\n<\/div>\n<\/div>\n<\/div>\n<p>Auteur: hlafriqi<br \/>\n<a href=\"https:\/\/www.leconomiste.com\/article\/1060167-aviculture-du-materiel-genetique-importe-du-bresil\">Cliquez ici pour lire l&rsquo;article depuis sa source.<\/a><\/p>\n","protected":false},"excerpt":{"rendered":"<p>L\u2019Office national de s\u00e9curit\u00e9 sanitaire des produits alimentaires (ONSSA) a autoris\u00e9 l\u2019importation de poussins d\u2019un jour et d\u2019\u0153ufs embryonn\u00e9s en provenance du Br\u00e9sil, indique le minist\u00e8re br\u00e9silien de l\u2019Agriculture, de l\u2019\u00c9levage et de l\u2019Approvisionnement. Le d\u00e9partement a accord\u00e9 l\u2019autorisation d\u2019exportation \u00e0 l\u2019Association br\u00e9silienne des prot\u00e9ines animales (ABPA). L\u2019exportation vers le Maroc \u00e9tait soumise \u00e0 l\u2019obtention [&hellip;]<\/p>\n","protected":false},"author":1763,"featured_media":0,"comment_status":"closed","ping_status":"closed","sticky":false,"template":"","format":"standard","meta":{"fifu_image_url":"","fifu_image_alt":"","footnotes":""},"categories":[78,54],"tags":[],"class_list":["post-81485","post","type-post","status-publish","format-standard","hentry","category-economie","category-maroc"],"_links":{"self":[{"href":"https:\/\/linitiative.ca\/International\/wp-json\/wp\/v2\/posts\/81485","targetHints":{"allow":["GET"]}}],"collection":[{"href":"https:\/\/linitiative.ca\/International\/wp-json\/wp\/v2\/posts"}],"about":[{"href":"https:\/\/linitiative.ca\/International\/wp-json\/wp\/v2\/types\/post"}],"author":[{"embeddable":true,"href":"https:\/\/linitiative.ca\/International\/wp-json\/wp\/v2\/users\/1763"}],"replies":[{"embeddable":true,"href":"https:\/\/linitiative.ca\/International\/wp-json\/wp\/v2\/comments?post=81485"}],"version-history":[{"count":0,"href":"https:\/\/linitiative.ca\/International\/wp-json\/wp\/v2\/posts\/81485\/revisions"}],"wp:attachment":[{"href":"https:\/\/linitiative.ca\/International\/wp-json\/wp\/v2\/media?parent=81485"}],"wp:term":[{"taxonomy":"category","embeddable":true,"href":"https:\/\/linitiative.ca\/International\/wp-json\/wp\/v2\/categories?post=81485"},{"taxonomy":"post_tag","embeddable":true,"href":"https:\/\/linitiative.ca\/International\/wp-json\/wp\/v2\/tags?post=81485"}],"curies":[{"name":"wp","href":"https:\/\/api.w.org\/{rel}","templated":true}]}}