{"id":81488,"date":"2020-04-07T13:56:04","date_gmt":"2020-04-07T17:56:04","guid":{"rendered":"https:\/\/linitiative.ca\/International\/pas-de-masques-a-oujda\/"},"modified":"2020-04-07T13:56:04","modified_gmt":"2020-04-07T17:56:04","slug":"pas-de-masques-a-oujda","status":"publish","type":"post","link":"https:\/\/linitiative.ca\/International\/pas-de-masques-a-oujda\/","title":{"rendered":"Pas de masques \u00e0 Oujda"},"content":{"rendered":"<div class=\"body\">\n<div class=\"field field-name-body field-type-text-with-summary field-label-hidden\">\n<div class=\"field-items\" readability=\"10.5\">\n<div class=\"field-item even\" property=\"content:encoded\" readability=\"16\">\n<p class=\"rtejustify\">Contrairement \u00e0 ce qui a \u00e9t\u00e9 annonc\u00e9, la distribution des masques de protection conte le coronavirus n\u2019a pas eu lieu ce mardi \u00e0 Oujda. Ils sont introuvables en\u00a0 pharmacies, grandes surfaces et diff\u00e9rents commerces de proximit\u00e9. Hier dans l&rsquo;apr\u00e8s-midi, les Oujdis n&rsquo;avaient pas encore pu se procurer de masques. \u00abLes livraisons ne sont pas encore arriv\u00e9es\u00bb, \u00e9tait-il expliqu\u00e9 aupr\u00e8s d&rsquo;Aswak Assalam et de certaines officines. Pour rappel un communiqu\u00e9 conjoint des d\u00e9partements de la sant\u00e9, l\u2019int\u00e9rieur, les finances et le commerce avait annonc\u00e9 que le port des masques de protection \u00e9tait\u00a0 obligatoire d\u00e8s ce mardi 7 avril.<\/p>\n<p class=\"rtejustify\"><em>A.K<\/em><\/p>\n<\/div>\n<\/div>\n<\/div>\n<\/div>\n<div class=\"eco-conseil\">\n<div class=\"view view-eco-conseil-16 view-id-eco_conseil_16 view-display-id-cookies view-dom-id-8366cea8b2224b00ec0b084c55277ce7\">\n<div class=\"view-content\">\n<div id=\"views-bootstrap-grid-1\" class=\"views-bootstrap-grid-plugin-style\">\n<div class=\"row\">\n<div class=\" col-xs-12 col-lg-4\">\n<div class=\"row\">\n<div class=\"col col-xs-12 col-lg-12\">\n<div class=\"field-content\"><a href=\"\/article\/1060171-masques-de-protection-une-penurie-deja-casablanca\"><img loading=\"lazy\" decoding=\"async\" class=\"img-responsive\" typeof=\"foaf:Image\" src=\"https:\/\/www.leconomiste.com\/sites\/default\/files\/eco7\/public\/styles\/800x400\/public\/default_images\/default_une.jpg?itok=4jZlgnIZ\" width=\"660\" height=\"330\" alt=\"\"\/><\/a><\/div>\n<\/div>\n<div class=\" title_suite_2 col col-xs-12 col-lg-12\"> <a href=\"\/article\/1060171-masques-de-protection-une-penurie-deja-casablanca\"\/><span class=\"field-content\">Article 1060171<\/span><\/div>\n<\/div>\n<\/div>\n<div class=\" col-xs-12 col-lg-4\">\n<div class=\"row\">\n<div class=\"col col-xs-12 col-lg-12\">\n<div class=\"field-content\"><a href=\"\/article\/1060169-vivo-energy-offre-des-dotations-de-carburant-au-personnel-medical\"><img loading=\"lazy\" decoding=\"async\" class=\"img-responsive\" typeof=\"foaf:Image\" src=\"https:\/\/www.leconomiste.com\/sites\/default\/files\/eco7\/public\/styles\/800x400\/public\/default_images\/default_une.jpg?itok=4jZlgnIZ\" width=\"660\" height=\"330\" alt=\"\"\/><\/a><\/div>\n<\/div>\n<div class=\" title_suite_2 col col-xs-12 col-lg-12\"> <a href=\"\/article\/1060169-vivo-energy-offre-des-dotations-de-carburant-au-personnel-medical\"\/><span class=\"field-content\">Vivo Energy offre des dotations de carburant au personnel m\u00e9dical<\/span><\/div>\n<\/div>\n<\/div>\n<div class=\" col-xs-12 col-lg-4\">\n<div class=\"row\">\n<div class=\"col col-xs-12 col-lg-12\">\n<div class=\"field-content\"><a href=\"\/article\/1060168-polyclinique-ziraoui-144-lits-supplementaires-pour-le-covid-19\"><img loading=\"lazy\" decoding=\"async\" class=\"img-responsive\" typeof=\"foaf:Image\" src=\"https:\/\/www.leconomiste.com\/sites\/default\/files\/eco7\/public\/styles\/800x400\/public\/default_images\/default_une.jpg?itok=4jZlgnIZ\" width=\"660\" height=\"330\" alt=\"\"\/><\/a><\/div>\n<\/div>\n<div class=\" title_suite_2 col col-xs-12 col-lg-12\"> <a href=\"\/article\/1060168-polyclinique-ziraoui-144-lits-supplementaires-pour-le-covid-19\"\/><span class=\"field-content\">Polyclinique Ziraoui: 144 lits suppl\u00e9mentaires pour le Covid-19<\/span><\/div>\n<\/div>\n<\/div>\n<\/div>\n<\/div>\n<\/div>\n<\/div>\n<\/div>\n<p>Auteur: hlafriqi<br \/>\n<a href=\"https:\/\/www.leconomiste.com\/article\/1060170-pas-de-masques-oujda\">Cliquez ici pour lire l&rsquo;article depuis sa source.<\/a><\/p>\n","protected":false},"excerpt":{"rendered":"<p>Contrairement \u00e0 ce qui a \u00e9t\u00e9 annonc\u00e9, la distribution des masques de protection conte le coronavirus n\u2019a pas eu lieu ce mardi \u00e0 Oujda. Ils sont introuvables en\u00a0 pharmacies, grandes surfaces et diff\u00e9rents commerces de proximit\u00e9. Hier dans l&rsquo;apr\u00e8s-midi, les Oujdis n&rsquo;avaient pas encore pu se procurer de masques. \u00abLes livraisons ne sont pas encore [&hellip;]<\/p>\n","protected":false},"author":1763,"featured_media":0,"comment_status":"closed","ping_status":"closed","sticky":false,"template":"","format":"standard","meta":{"fifu_image_url":"","fifu_image_alt":"","footnotes":""},"categories":[78,54],"tags":[],"class_list":["post-81488","post","type-post","status-publish","format-standard","hentry","category-economie","category-maroc"],"_links":{"self":[{"href":"https:\/\/linitiative.ca\/International\/wp-json\/wp\/v2\/posts\/81488","targetHints":{"allow":["GET"]}}],"collection":[{"href":"https:\/\/linitiative.ca\/International\/wp-json\/wp\/v2\/posts"}],"about":[{"href":"https:\/\/linitiative.ca\/International\/wp-json\/wp\/v2\/types\/post"}],"author":[{"embeddable":true,"href":"https:\/\/linitiative.ca\/International\/wp-json\/wp\/v2\/users\/1763"}],"replies":[{"embeddable":true,"href":"https:\/\/linitiative.ca\/International\/wp-json\/wp\/v2\/comments?post=81488"}],"version-history":[{"count":0,"href":"https:\/\/linitiative.ca\/International\/wp-json\/wp\/v2\/posts\/81488\/revisions"}],"wp:attachment":[{"href":"https:\/\/linitiative.ca\/International\/wp-json\/wp\/v2\/media?parent=81488"}],"wp:term":[{"taxonomy":"category","embeddable":true,"href":"https:\/\/linitiative.ca\/International\/wp-json\/wp\/v2\/categories?post=81488"},{"taxonomy":"post_tag","embeddable":true,"href":"https:\/\/linitiative.ca\/International\/wp-json\/wp\/v2\/tags?post=81488"}],"curies":[{"name":"wp","href":"https:\/\/api.w.org\/{rel}","templated":true}]}}