{"id":81494,"date":"2020-04-07T15:04:07","date_gmt":"2020-04-07T19:04:07","guid":{"rendered":"https:\/\/linitiative.ca\/International\/convocations-ago-salammbo-sicav-2019-presse\/"},"modified":"2020-04-07T15:04:07","modified_gmt":"2020-04-07T19:04:07","slug":"convocations-ago-salammbo-sicav-2019-presse","status":"publish","type":"post","link":"https:\/\/linitiative.ca\/International\/convocations-ago-salammbo-sicav-2019-presse\/","title":{"rendered":"Convocations AGO SALAMMBO SICAV 2019 PRESSE"},"content":{"rendered":"<div id=\"block-block-3\" readability=\"31.018957346\">\n<h2 class=\"block-title\"><span>Le Temps<\/span><\/h2>\n<p>Quotidien d&rsquo;informations g\u00e9n\u00e9rales<br \/>\u00c9dit\u00e9 par Dar Assabah<br \/>Si\u00e9ge : Bd. Mohamed Bouazizi El Menzah<br \/>T\u00e9l\u00e9phone\u00a0\u00a0: 71 238 222 (lignes Group\u00e9es)<br \/>Fax : 71 752 527<\/p>\n<p>E-mail :\u00a0<a href=\"mailto:redaction@letemps.com.tn\">redaction@letemps.com.tn<\/a><\/p>\n<\/div>\n<div id=\"block-block-2\" readability=\"32\">\n<p>\u00a9 2014 &#8211; Cr\u00e9ation par SERVICED \u00a0 \u00a0 \u00a0 \u00a0 \u00a0 \u00a0 \u00a0 ASSABAH \/ @ ALL RIGHT RESERVED<\/p>\n<\/div>\n<p>Auteur: letemps1<br \/>\n<a href=\"http:\/\/www.letemps.com.tn\/article\/112520\/convocations-ago-salammbo-sicav-2019-presse\">Cliquez ici pour lire l&rsquo;article depuis sa source.<\/a><\/p>\n","protected":false},"excerpt":{"rendered":"<p>Le Temps Quotidien d&rsquo;informations g\u00e9n\u00e9rales\u00c9dit\u00e9 par Dar AssabahSi\u00e9ge : Bd. Mohamed Bouazizi El MenzahT\u00e9l\u00e9phone\u00a0\u00a0: 71 238 222 (lignes Group\u00e9es)Fax : 71 752 527 E-mail :\u00a0redaction@letemps.com.tn \u00a9 2014 &#8211; Cr\u00e9ation par SERVICED \u00a0 \u00a0 \u00a0 \u00a0 \u00a0 \u00a0 \u00a0 ASSABAH \/ @ ALL RIGHT RESERVED Auteur: letemps1 Cliquez ici pour lire l&rsquo;article depuis sa source.<\/p>\n","protected":false},"author":1773,"featured_media":0,"comment_status":"closed","ping_status":"closed","sticky":false,"template":"","format":"standard","meta":{"fifu_image_url":"","fifu_image_alt":"","footnotes":""},"categories":[73,55],"tags":[],"class_list":["post-81494","post","type-post","status-publish","format-standard","hentry","category-actualite","category-tunisie"],"_links":{"self":[{"href":"https:\/\/linitiative.ca\/International\/wp-json\/wp\/v2\/posts\/81494","targetHints":{"allow":["GET"]}}],"collection":[{"href":"https:\/\/linitiative.ca\/International\/wp-json\/wp\/v2\/posts"}],"about":[{"href":"https:\/\/linitiative.ca\/International\/wp-json\/wp\/v2\/types\/post"}],"author":[{"embeddable":true,"href":"https:\/\/linitiative.ca\/International\/wp-json\/wp\/v2\/users\/1773"}],"replies":[{"embeddable":true,"href":"https:\/\/linitiative.ca\/International\/wp-json\/wp\/v2\/comments?post=81494"}],"version-history":[{"count":0,"href":"https:\/\/linitiative.ca\/International\/wp-json\/wp\/v2\/posts\/81494\/revisions"}],"wp:attachment":[{"href":"https:\/\/linitiative.ca\/International\/wp-json\/wp\/v2\/media?parent=81494"}],"wp:term":[{"taxonomy":"category","embeddable":true,"href":"https:\/\/linitiative.ca\/International\/wp-json\/wp\/v2\/categories?post=81494"},{"taxonomy":"post_tag","embeddable":true,"href":"https:\/\/linitiative.ca\/International\/wp-json\/wp\/v2\/tags?post=81494"}],"curies":[{"name":"wp","href":"https:\/\/api.w.org\/{rel}","templated":true}]}}