{"id":81501,"date":"2020-04-07T15:14:03","date_gmt":"2020-04-07T19:14:03","guid":{"rendered":"https:\/\/linitiative.ca\/International\/international-tebas-repond-a-linter-milan-au-sujet-de-messi\/"},"modified":"2020-04-07T15:14:03","modified_gmt":"2020-04-07T19:14:03","slug":"international-tebas-repond-a-linter-milan-au-sujet-de-messi","status":"publish","type":"post","link":"https:\/\/linitiative.ca\/International\/international-tebas-repond-a-linter-milan-au-sujet-de-messi\/","title":{"rendered":"International : Tebas r\u00e9pond \u00e0 l\u2019Inter Milan au sujet de Messi"},"content":{"rendered":"<div readability=\"32\">\n<p>Auteur : <span class=\"time\">mardi 07 avril 2020 18:09<\/span><\/p>\n<\/div>\n<div id=\"post_core\" readability=\"48\">\n<p>L\u2019Italie s\u2019est plusieurs fois mise \u00e0 r\u00eaver d\u2019une venue de Lionel Messi sur son territoire. L\u2019Inter Milan a parfois annonc\u00e9 \u00e0 haute voix qu\u2019elle serait pr\u00eate \u00e0 tenter sa chance. L\u2019\u00e9pid\u00e9mie li\u00e9e au coronavirus lui donne une occasion. C\u2019est du moins le sentiment de Massimo Moratti, ancien pr\u00e9sident du club lombard, qui n\u2019a pas h\u00e9sit\u00e9 \u00e0 le confier aux m\u00e9dias. Javier Tebas, le patron de la Liga espagnole, n\u2019a pas manqu\u00e9 de r\u00e9pondre, dans des propos rapport\u00e9s par La Gazzetta dello Sport. \u00ab Je ne pense pas que l\u2019arriv\u00e9e de Messi puisse r\u00e9soudre les probl\u00e8mes de la Serie A. (\u2026) Les chiffres de la Serie A sont connus, et ses probl\u00e8mes \u00e9conomiques ne seront certainement pas r\u00e9solus par Leo Messi. J\u2019aimerais que Messi reste ici, mais s\u2019il part, ce ne serait pas un drame : on disait que sans Cristiano Ronaldo, la Liga aurait perdu de l\u2019argent, et au lieu de cela nous en avons gagn\u00e9, m\u00eame au Portugal. Les joueurs aident mais ne sont pas essentiels \u00e0 un championnat \u00bb. Un tacle \u00e0 la Serie A, un autre pour les joueurs qui se sentiraient indispensables \u00e0 son championnat, du Tebas tout crach\u00e9 rapporte Foot Mercato.<\/p>\n<p><strong>Publi\u00e9 dans :<\/strong> <span>messi<\/span><\/p>\n<\/div>\n<p>Auteur:<br \/>\n<a href=\"http:\/\/www.lebuteur.com\/article\/detail?titre=tebas-repond-a-linter-milan-au-sujet-de-messi&#038;id=95557&#038;utm_source=feedburner&#038;utm_medium=feed&#038;utm_campaign=Feed%3A+GalerieFArtciles+%28Les+derniers+articles++-+lebuteur.com%29\">Cliquez ici pour lire l&rsquo;article depuis sa source.<\/a><\/p>\n","protected":false},"excerpt":{"rendered":"<p>Auteur : mardi 07 avril 2020 18:09 L\u2019Italie s\u2019est plusieurs fois mise \u00e0 r\u00eaver d\u2019une venue de Lionel Messi sur son territoire. L\u2019Inter Milan a parfois annonc\u00e9 \u00e0 haute voix qu\u2019elle serait pr\u00eate \u00e0 tenter sa chance. L\u2019\u00e9pid\u00e9mie li\u00e9e au coronavirus lui donne une occasion. C\u2019est du moins le sentiment de Massimo Moratti, ancien pr\u00e9sident [&hellip;]<\/p>\n","protected":false},"author":1738,"featured_media":81502,"comment_status":"closed","ping_status":"closed","sticky":false,"template":"","format":"standard","meta":{"fifu_image_url":"","fifu_image_alt":"","footnotes":""},"categories":[53,75],"tags":[],"class_list":["post-81501","post","type-post","status-publish","format-standard","has-post-thumbnail","hentry","category-algerie","category-sport"],"_links":{"self":[{"href":"https:\/\/linitiative.ca\/International\/wp-json\/wp\/v2\/posts\/81501","targetHints":{"allow":["GET"]}}],"collection":[{"href":"https:\/\/linitiative.ca\/International\/wp-json\/wp\/v2\/posts"}],"about":[{"href":"https:\/\/linitiative.ca\/International\/wp-json\/wp\/v2\/types\/post"}],"author":[{"embeddable":true,"href":"https:\/\/linitiative.ca\/International\/wp-json\/wp\/v2\/users\/1738"}],"replies":[{"embeddable":true,"href":"https:\/\/linitiative.ca\/International\/wp-json\/wp\/v2\/comments?post=81501"}],"version-history":[{"count":0,"href":"https:\/\/linitiative.ca\/International\/wp-json\/wp\/v2\/posts\/81501\/revisions"}],"wp:featuredmedia":[{"embeddable":true,"href":"https:\/\/linitiative.ca\/International\/wp-json\/"}],"wp:attachment":[{"href":"https:\/\/linitiative.ca\/International\/wp-json\/wp\/v2\/media?parent=81501"}],"wp:term":[{"taxonomy":"category","embeddable":true,"href":"https:\/\/linitiative.ca\/International\/wp-json\/wp\/v2\/categories?post=81501"},{"taxonomy":"post_tag","embeddable":true,"href":"https:\/\/linitiative.ca\/International\/wp-json\/wp\/v2\/tags?post=81501"}],"curies":[{"name":"wp","href":"https:\/\/api.w.org\/{rel}","templated":true}]}}