{"id":81505,"date":"2020-04-07T15:19:13","date_gmt":"2020-04-07T19:19:13","guid":{"rendered":"https:\/\/linitiative.ca\/International\/cour-des-comptes-des-magistrats-et-cadres-font-don-dune-partie-de-leur-salaire\/"},"modified":"2020-04-07T15:19:13","modified_gmt":"2020-04-07T19:19:13","slug":"cour-des-comptes-des-magistrats-et-cadres-font-don-dune-partie-de-leur-salaire","status":"publish","type":"post","link":"https:\/\/linitiative.ca\/International\/cour-des-comptes-des-magistrats-et-cadres-font-don-dune-partie-de-leur-salaire\/","title":{"rendered":"Cour des comptes : Des magistrats et cadres font don d\u2019une partie de leur salaire"},"content":{"rendered":"<div class=\"TxArtcile\" readability=\"18\">\n<p>Des magistrats et cardes de la Cour des comptes ont d\u00e9cid\u00e9 de faire don d\u2019une partie de leur salaire, en contribution aux efforts nationaux visant \u00e0 juguler les effets de la crise sanitaire, induite par la propagation du nouveau coronavirus, a indiqu\u00e9, hier, un communiqu\u00e9 de la Cour.<br \/>Cette contribution, qui consacre \u00abl&rsquo;esprit de solidarit\u00e9 et d&rsquo;entraide entre les enfants du peuple alg\u00e9rien\u00bb, sera vers\u00e9e sur le compte de solidarit\u00e9 \u00abCovid-19-Alg\u00e9rie\u00bb, ajoute le communiqu\u00e9.<\/p>\n<\/div>\n<div class=\"ModliArtilUne\">\n<ul>\n<li><strong>Publi\u00e9 dans :<\/strong><\/li>\n<\/ul>\n<\/div>\n<div class=\"MbComIns\" id=\"newcom\" readability=\"5.69402985075\">\n<h6>DONNEZ VOTRE AVIS<\/h6>\n<p>Il n&rsquo;y a actuellement aucune r\u00e9action \u00e0 cette information. Soyez le premier \u00e0 r\u00e9agir !<\/p>\n<p><a href=\"\" rel=\"#popup\" class=\"login resetbutton\">Identifiez-vous<\/a><a class=\"button\" href=\"http:\/\/www.elmoudjahid.com\/fr\/inscription\/\"><span>S&rsquo;inscrire<\/span><\/a><\/p>\n<\/div>\n<p>Auteur: elmoudjahid<br \/>\n<a href=\"http:\/\/www.elmoudjahid.com\/fr\/actualites\/151027\">Cliquez ici pour lire l&rsquo;article depuis sa source.<\/a><\/p>\n","protected":false},"excerpt":{"rendered":"<p>Des magistrats et cardes de la Cour des comptes ont d\u00e9cid\u00e9 de faire don d\u2019une partie de leur salaire, en contribution aux efforts nationaux visant \u00e0 juguler les effets de la crise sanitaire, induite par la propagation du nouveau coronavirus, a indiqu\u00e9, hier, un communiqu\u00e9 de la Cour.Cette contribution, qui consacre \u00abl&rsquo;esprit de solidarit\u00e9 et [&hellip;]<\/p>\n","protected":false},"author":1744,"featured_media":0,"comment_status":"closed","ping_status":"closed","sticky":false,"template":"","format":"standard","meta":{"fifu_image_url":"","fifu_image_alt":"","footnotes":""},"categories":[73,53],"tags":[],"class_list":["post-81505","post","type-post","status-publish","format-standard","hentry","category-actualite","category-algerie"],"_links":{"self":[{"href":"https:\/\/linitiative.ca\/International\/wp-json\/wp\/v2\/posts\/81505","targetHints":{"allow":["GET"]}}],"collection":[{"href":"https:\/\/linitiative.ca\/International\/wp-json\/wp\/v2\/posts"}],"about":[{"href":"https:\/\/linitiative.ca\/International\/wp-json\/wp\/v2\/types\/post"}],"author":[{"embeddable":true,"href":"https:\/\/linitiative.ca\/International\/wp-json\/wp\/v2\/users\/1744"}],"replies":[{"embeddable":true,"href":"https:\/\/linitiative.ca\/International\/wp-json\/wp\/v2\/comments?post=81505"}],"version-history":[{"count":0,"href":"https:\/\/linitiative.ca\/International\/wp-json\/wp\/v2\/posts\/81505\/revisions"}],"wp:attachment":[{"href":"https:\/\/linitiative.ca\/International\/wp-json\/wp\/v2\/media?parent=81505"}],"wp:term":[{"taxonomy":"category","embeddable":true,"href":"https:\/\/linitiative.ca\/International\/wp-json\/wp\/v2\/categories?post=81505"},{"taxonomy":"post_tag","embeddable":true,"href":"https:\/\/linitiative.ca\/International\/wp-json\/wp\/v2\/tags?post=81505"}],"curies":[{"name":"wp","href":"https:\/\/api.w.org\/{rel}","templated":true}]}}