{"id":81507,"date":"2020-04-07T15:19:18","date_gmt":"2020-04-07T19:19:18","guid":{"rendered":"https:\/\/linitiative.ca\/International\/surete-nationale-et-protection-civile-les-cadres-superieurs-font-don-dun-mois-de-salaire\/"},"modified":"2020-04-07T15:19:18","modified_gmt":"2020-04-07T19:19:18","slug":"surete-nationale-et-protection-civile-les-cadres-superieurs-font-don-dun-mois-de-salaire","status":"publish","type":"post","link":"https:\/\/linitiative.ca\/International\/surete-nationale-et-protection-civile-les-cadres-superieurs-font-don-dun-mois-de-salaire\/","title":{"rendered":"S\u00fbret\u00e9 nationale et Protection civile : Les cadres sup\u00e9rieurs font don d\u2019un mois de salaire"},"content":{"rendered":"<div class=\"TxArtcile\" readability=\"32\">\n<p>La Direction g\u00e9n\u00e9rale de la S\u00fbret\u00e9 nationale (DGSN) a fait savoir que ses cadres sup\u00e9rieurs, aux niveaux central, r\u00e9gional et local, ont fait don d&rsquo;un mois de leur salaire, dans le cadre de l&rsquo;\u00e9lan de solidarit\u00e9 initi\u00e9 contre la pand\u00e9mie du nouveau coronavirus (Covid-19), a indiqu\u00e9 lundi un communiqu\u00e9 de ce corps de s\u00e9curit\u00e9.\u00a0 Cette contribution financi\u00e8re, qui sera vers\u00e9e dans les comptes de solidarit\u00e9 \u00abCovid-19\u00bb ouverts \u00e0 cet effet, \u00abintervient pour renforcer les efforts visant \u00e0 enrayer la propagation du coronavirus et att\u00e9nuer les effets de la crise sanitaire que traverse le pays\u00bb, a pr\u00e9cis\u00e9 le communiqu\u00e9, ajoutant que \u00abcet \u00e9lan de solidarit\u00e9 refl\u00e8te l&rsquo;esprit de fraternit\u00e9 authentique qui caract\u00e9rise la soci\u00e9t\u00e9 alg\u00e9rienne\u00bb.<br \/>Il s&rsquo;agit aussi, selon la m\u00eame source, d&rsquo;un devoir national des affili\u00e9s de la S\u00fbret\u00e9 nationale et d&rsquo;un message d&rsquo;espoir traduisant leur solidarit\u00e9 avec leurs compatriotes en toutes circonstances.\u00a0 Par ailleurs, la direction g\u00e9n\u00e9rale de la Protection civile (DGPC) a annonc\u00e9 hier que ses cadres sup\u00e9rieurs ont d\u00e9cid\u00e9 de faire don d&rsquo;un mois de leur salaire dans le cadre de l&rsquo;\u00e9lan de solidarit\u00e9 initi\u00e9 contre la pand\u00e9mie du nouveau coronavirus (Covid-19). Cette contribution financi\u00e8re de la part du Directeur g\u00e9n\u00e9ral de la Protection civile, de ses directeurs centraux, directeurs de wilaya\u00a0 et officiers-sup\u00e9rieurs, sera vers\u00e9e dans les comptes de solidarit\u00e9 \u00abCovid-19\u00bb ouverts \u00e0 cet effet, a ajout\u00e9 la DGPC, soulignant que cette action qui intervient \u00absuite \u00e0 l\u2019initiative lanc\u00e9e par le pr\u00e9sident de la R\u00e9publique, chef supr\u00eame des Forces arm\u00e9es, ministre de la D\u00e9fense nationale, refl\u00e8te l&rsquo;esprit d\u2019harmonie, de solidarit\u00e9 et de fraternit\u00e9 de l\u2019institution de la Protection civile envers le pays et le peuple alg\u00e9rien\u00bb. Ce don s&rsquo;inscrit aussi dans le cadre de contribution de la Protection civile aux \u00abefforts nationaux visant \u00e0 amortir les r\u00e9percussions de la crise sanitaire sur le front social et sur le niveau de vie des citoyens en g\u00e9n\u00e9ral et les non salari\u00e9s en particulier, suite \u00e0 la pand\u00e9mie du Covid-19\u00bb.<\/p>\n<\/div>\n<div class=\"ModliArtilUne\">\n<ul>\n<li><strong>Publi\u00e9 dans :<\/strong><\/li>\n<\/ul>\n<\/div>\n<div class=\"MbComIns\" id=\"newcom\" readability=\"5.69402985075\">\n<h6>DONNEZ VOTRE AVIS<\/h6>\n<p>Il n&rsquo;y a actuellement aucune r\u00e9action \u00e0 cette information. Soyez le premier \u00e0 r\u00e9agir !<\/p>\n<p><a href=\"\" rel=\"#popup\" class=\"login resetbutton\">Identifiez-vous<\/a><a class=\"button\" href=\"http:\/\/www.elmoudjahid.com\/fr\/inscription\/\"><span>S&rsquo;inscrire<\/span><\/a><\/p>\n<\/div>\n<p>Auteur: elmoudjahid<br \/>\n<a href=\"http:\/\/www.elmoudjahid.com\/fr\/actualites\/151029\">Cliquez ici pour lire l&rsquo;article depuis sa source.<\/a><\/p>\n","protected":false},"excerpt":{"rendered":"<p>La Direction g\u00e9n\u00e9rale de la S\u00fbret\u00e9 nationale (DGSN) a fait savoir que ses cadres sup\u00e9rieurs, aux niveaux central, r\u00e9gional et local, ont fait don d&rsquo;un mois de leur salaire, dans le cadre de l&rsquo;\u00e9lan de solidarit\u00e9 initi\u00e9 contre la pand\u00e9mie du nouveau coronavirus (Covid-19), a indiqu\u00e9 lundi un communiqu\u00e9 de ce corps de s\u00e9curit\u00e9.\u00a0 Cette [&hellip;]<\/p>\n","protected":false},"author":1744,"featured_media":0,"comment_status":"closed","ping_status":"closed","sticky":false,"template":"","format":"standard","meta":{"fifu_image_url":"","fifu_image_alt":"","footnotes":""},"categories":[73,53],"tags":[],"class_list":["post-81507","post","type-post","status-publish","format-standard","hentry","category-actualite","category-algerie"],"_links":{"self":[{"href":"https:\/\/linitiative.ca\/International\/wp-json\/wp\/v2\/posts\/81507","targetHints":{"allow":["GET"]}}],"collection":[{"href":"https:\/\/linitiative.ca\/International\/wp-json\/wp\/v2\/posts"}],"about":[{"href":"https:\/\/linitiative.ca\/International\/wp-json\/wp\/v2\/types\/post"}],"author":[{"embeddable":true,"href":"https:\/\/linitiative.ca\/International\/wp-json\/wp\/v2\/users\/1744"}],"replies":[{"embeddable":true,"href":"https:\/\/linitiative.ca\/International\/wp-json\/wp\/v2\/comments?post=81507"}],"version-history":[{"count":0,"href":"https:\/\/linitiative.ca\/International\/wp-json\/wp\/v2\/posts\/81507\/revisions"}],"wp:attachment":[{"href":"https:\/\/linitiative.ca\/International\/wp-json\/wp\/v2\/media?parent=81507"}],"wp:term":[{"taxonomy":"category","embeddable":true,"href":"https:\/\/linitiative.ca\/International\/wp-json\/wp\/v2\/categories?post=81507"},{"taxonomy":"post_tag","embeddable":true,"href":"https:\/\/linitiative.ca\/International\/wp-json\/wp\/v2\/tags?post=81507"}],"curies":[{"name":"wp","href":"https:\/\/api.w.org\/{rel}","templated":true}]}}