{"id":81508,"date":"2020-04-07T15:19:20","date_gmt":"2020-04-07T19:19:20","guid":{"rendered":"https:\/\/linitiative.ca\/International\/commentaire-la-portee-dune-solidarite-active\/"},"modified":"2020-04-07T15:19:20","modified_gmt":"2020-04-07T19:19:20","slug":"commentaire-la-portee-dune-solidarite-active","status":"publish","type":"post","link":"https:\/\/linitiative.ca\/International\/commentaire-la-portee-dune-solidarite-active\/","title":{"rendered":"Commentaire  : La port\u00e9e  d\u2019une solidarit\u00e9 active"},"content":{"rendered":"<p>En faisant don d\u2019un mois de salaire pour la lutte contre le Covid-19, le pr\u00e9sident de la R\u00e9publique a donn\u00e9 l\u2019exemple et a surtout montr\u00e9 la voie pour une solidarit\u00e9 active et effective. Un geste symboliquement fort suivi par celui d&rsquo;une action collective des hauts cadres de l\u2019\u00c9tat, ministres, walis, officiers et cadres de l\u2019arm\u00e9e et des conseillers et commis de l\u2019\u00c9tat, ainsi que les officiers sup\u00e9rieur de la police et de la Protection civile, qui ont tous fait don d\u2019un mois de salaire.\u00a0 Ces actions s\u2019inscrivent dans le cadre de la collecte des moyens financiers pour l\u2019achat du mat\u00e9riel n\u00e9cessaire, tels que les respirateurs, les masques et les produits m\u00e9dicaux. Ces dons s\u2019ajoutent aux sommes colossales d\u00e9gag\u00e9es par l\u2019\u00c9tat. L\u2019\u00e9lan de solidarit\u00e9 et d\u2019entraide qui s\u2019est enclench\u00e9 s\u2019amplifie. Les dons affluents et des actions d\u2019utilit\u00e9 publique sont initi\u00e9es par les Alg\u00e9riens qui contribuent \u00e0 l\u2019effort national de\u00a0 lutte contre cette maladie. La cha\u00eene de solidarit\u00e9 citoyenne prend forme pour conforter l\u2019action des autorit\u00e9s du pays. Rompus aux situations de crise, les Alg\u00e9riens ont r\u00e9agi positivement aux appels des autorit\u00e9s pour se joindre au combat contre l\u2019\u00e9pid\u00e9mie.\u00a0 Les r\u00e9seaux de solidarit\u00e9 et l\u2019assistance aux personnes vuln\u00e9rables fonctionnent bien, ce qui d\u2019ailleurs facilite grandement le travail des pouvoirs publics. Cet \u00e9lan de solidarit\u00e9 apporte la preuve irr\u00e9futable sur la g\u00e9n\u00e9rosit\u00e9, l\u2019humanisme, mais aussi un sens \u00e9lev\u00e9 de civisme du peuple. Un civisme, qui s\u2019exprime aussi chez les citoyens par le respect strict des r\u00e8gles de confinement, scrupuleusement observ\u00e9 dans les villes et villages du pays. Conscients du danger que repr\u00e9sente cette maladie, les citoyens se sont montr\u00e9s disciplin\u00e9s, hormis quelques cas rares qui refl\u00e8tent une r\u00e9sistance pr\u00e9judiciable.<br \/>Les pouvoirs publics ont acquis des produits m\u00e9dicaux.<br \/>Les premi\u00e8res commandes r\u00e9ceptionn\u00e9es cette semaine visent \u00e0 doter les h\u00f4pitaux et autres structures sanitaires en instruments n\u00e9cessaires pour soigner les malades. Sur un autre plan, les pouvoirs publics assurent un approvisionnement total et r\u00e9gulier en produits alimentaires de premi\u00e8re n\u00e9cessit\u00e9.<br \/>La conjugaison des efforts des pouvoirs publics, des citoyens, du mouvement associatif demeure la cl\u00e9 pour endiguer l\u2019\u00e9pid\u00e9mie. Cette lutte passe par la pr\u00e9vention, la discipline et la coh\u00e9sion, instruments d\u2019une victoire contre la pand\u00e9mie.<br \/>M. Oumalek<\/p>\n<p>Auteur: elmoudjahid<br \/>\n<a href=\"http:\/\/www.elmoudjahid.com\/fr\/actualites\/151030\">Cliquez ici pour lire l&rsquo;article depuis sa source.<\/a><\/p>\n","protected":false},"excerpt":{"rendered":"<p>En faisant don d\u2019un mois de salaire pour la lutte contre le Covid-19, le pr\u00e9sident de la R\u00e9publique a donn\u00e9 l\u2019exemple et a surtout montr\u00e9 la voie pour une solidarit\u00e9 active et effective. Un geste symboliquement fort suivi par celui d&rsquo;une action collective des hauts cadres de l\u2019\u00c9tat, ministres, walis, officiers et cadres de l\u2019arm\u00e9e [&hellip;]<\/p>\n","protected":false},"author":1744,"featured_media":0,"comment_status":"closed","ping_status":"closed","sticky":false,"template":"","format":"standard","meta":{"fifu_image_url":"","fifu_image_alt":"","footnotes":""},"categories":[73,53],"tags":[],"class_list":["post-81508","post","type-post","status-publish","format-standard","hentry","category-actualite","category-algerie"],"_links":{"self":[{"href":"https:\/\/linitiative.ca\/International\/wp-json\/wp\/v2\/posts\/81508","targetHints":{"allow":["GET"]}}],"collection":[{"href":"https:\/\/linitiative.ca\/International\/wp-json\/wp\/v2\/posts"}],"about":[{"href":"https:\/\/linitiative.ca\/International\/wp-json\/wp\/v2\/types\/post"}],"author":[{"embeddable":true,"href":"https:\/\/linitiative.ca\/International\/wp-json\/wp\/v2\/users\/1744"}],"replies":[{"embeddable":true,"href":"https:\/\/linitiative.ca\/International\/wp-json\/wp\/v2\/comments?post=81508"}],"version-history":[{"count":0,"href":"https:\/\/linitiative.ca\/International\/wp-json\/wp\/v2\/posts\/81508\/revisions"}],"wp:attachment":[{"href":"https:\/\/linitiative.ca\/International\/wp-json\/wp\/v2\/media?parent=81508"}],"wp:term":[{"taxonomy":"category","embeddable":true,"href":"https:\/\/linitiative.ca\/International\/wp-json\/wp\/v2\/categories?post=81508"},{"taxonomy":"post_tag","embeddable":true,"href":"https:\/\/linitiative.ca\/International\/wp-json\/wp\/v2\/tags?post=81508"}],"curies":[{"name":"wp","href":"https:\/\/api.w.org\/{rel}","templated":true}]}}