{"id":81509,"date":"2020-04-07T15:19:23","date_gmt":"2020-04-07T19:19:23","guid":{"rendered":"https:\/\/linitiative.ca\/International\/epidemie-de-covid-19-45-nouveaux-cas-20-deces-et-113-guerisons\/"},"modified":"2020-04-07T15:19:23","modified_gmt":"2020-04-07T19:19:23","slug":"epidemie-de-covid-19-45-nouveaux-cas-20-deces-et-113-guerisons","status":"publish","type":"post","link":"https:\/\/linitiative.ca\/International\/epidemie-de-covid-19-45-nouveaux-cas-20-deces-et-113-guerisons\/","title":{"rendered":"Epid\u00e9mie de covid-19 : 45 nouveaux cas,  20 d\u00e9c\u00e8s  et 113 gu\u00e9risons"},"content":{"rendered":"<p><strong>Quarante-cinq nouveaux cas confirm\u00e9s de coronavirus et 20 nouveaux d\u00e9c\u00e8s ont \u00e9t\u00e9 enregistr\u00e9s en Alg\u00e9rie, portant le nombre de cas confirm\u00e9s \u00e0 1.468 et celui des d\u00e9c\u00e8s \u00e0 193, a indiqu\u00e9, hier \u00e0 Alger, le porte-parole du Comit\u00e9 scientifique de suivi de l&rsquo;\u00e9volution de la pand\u00e9mie de Coronavirus, Djamel Fourar.<\/strong><\/p>\n<p>Les nouveaux d\u00e9c\u00e8s ont \u00e9t\u00e9 enregistr\u00e9s au niveau de neuf (9) wilayas, \u00e0 savoir Blida (11 cas), Alger (2) et un cas pour chacune des wilayas de B\u00e9jaia, Tizi Ouzou, Mostaganem, Bordj Bou Arreridj, Boumerd\u00e8s, S\u00e9tif et Batna, a pr\u00e9cis\u00e9 le Dr Fourar, lors du point de presse quotidien consacr\u00e9 \u00e0 l&rsquo;\u00e9volution de la pand\u00e9mie. Le coronavirus a affect\u00e9 855 hommes (58% des cas) et 613 femmes (42%), a-t-il ajout\u00e9, relevant que 36% des malades d\u00e9passent l&rsquo;\u00e2ge de 60 ans, alors que 35% des patients sont \u00e2g\u00e9s entre 25 et 49 ans.\u00a0<\/p>\n<p>Concernant les malades gu\u00e9ris, le Dr Fourar a fait savoir que leur nombre a atteint 113. Il a \u00e9galement indiqu\u00e9 que 626 malades sont sous le traitement de la chloroquine.<\/p>\n<p>M. Fourar a tenu, en outre, \u00e0 rappeler que le num\u00e9ro vert (3030) reste \u00e0 la disposition des citoyens pour r\u00e9pondre \u00e0 leurs pr\u00e9occupations, r\u00e9it\u00e9rant la n\u00e9cessit\u00e9 de respecter les recommandations des sp\u00e9cialistes s&rsquo;agissant des r\u00e8gles d&rsquo;hygi\u00e8ne personnelle et environnementale, ainsi que des conditions de confinement sanitaire afin d&rsquo;\u00e9viter toute contagion au coronavirus.<\/p>\n<p>Auteur: elmoudjahid<br \/>\n<a href=\"http:\/\/www.elmoudjahid.com\/fr\/actualites\/151031\">Cliquez ici pour lire l&rsquo;article depuis sa source.<\/a><\/p>\n","protected":false},"excerpt":{"rendered":"<p>Quarante-cinq nouveaux cas confirm\u00e9s de coronavirus et 20 nouveaux d\u00e9c\u00e8s ont \u00e9t\u00e9 enregistr\u00e9s en Alg\u00e9rie, portant le nombre de cas confirm\u00e9s \u00e0 1.468 et celui des d\u00e9c\u00e8s \u00e0 193, a indiqu\u00e9, hier \u00e0 Alger, le porte-parole du Comit\u00e9 scientifique de suivi de l&rsquo;\u00e9volution de la pand\u00e9mie de Coronavirus, Djamel Fourar. Les nouveaux d\u00e9c\u00e8s ont \u00e9t\u00e9 [&hellip;]<\/p>\n","protected":false},"author":1744,"featured_media":0,"comment_status":"closed","ping_status":"closed","sticky":false,"template":"","format":"standard","meta":{"fifu_image_url":"","fifu_image_alt":"","footnotes":""},"categories":[73,53],"tags":[],"class_list":["post-81509","post","type-post","status-publish","format-standard","hentry","category-actualite","category-algerie"],"_links":{"self":[{"href":"https:\/\/linitiative.ca\/International\/wp-json\/wp\/v2\/posts\/81509","targetHints":{"allow":["GET"]}}],"collection":[{"href":"https:\/\/linitiative.ca\/International\/wp-json\/wp\/v2\/posts"}],"about":[{"href":"https:\/\/linitiative.ca\/International\/wp-json\/wp\/v2\/types\/post"}],"author":[{"embeddable":true,"href":"https:\/\/linitiative.ca\/International\/wp-json\/wp\/v2\/users\/1744"}],"replies":[{"embeddable":true,"href":"https:\/\/linitiative.ca\/International\/wp-json\/wp\/v2\/comments?post=81509"}],"version-history":[{"count":0,"href":"https:\/\/linitiative.ca\/International\/wp-json\/wp\/v2\/posts\/81509\/revisions"}],"wp:attachment":[{"href":"https:\/\/linitiative.ca\/International\/wp-json\/wp\/v2\/media?parent=81509"}],"wp:term":[{"taxonomy":"category","embeddable":true,"href":"https:\/\/linitiative.ca\/International\/wp-json\/wp\/v2\/categories?post=81509"},{"taxonomy":"post_tag","embeddable":true,"href":"https:\/\/linitiative.ca\/International\/wp-json\/wp\/v2\/tags?post=81509"}],"curies":[{"name":"wp","href":"https:\/\/api.w.org\/{rel}","templated":true}]}}