{"id":81510,"date":"2020-04-07T07:24:53","date_gmt":"2020-04-07T11:24:53","guid":{"rendered":"https:\/\/linitiative.ca\/International\/103810-jm-oran-2022-ambitions-revues-a-la-hausse\/"},"modified":"2020-04-07T07:24:53","modified_gmt":"2020-04-07T11:24:53","slug":"103810-jm-oran-2022-ambitions-revues-a-la-hausse","status":"publish","type":"post","link":"https:\/\/linitiative.ca\/International\/103810-jm-oran-2022-ambitions-revues-a-la-hausse\/","title":{"rendered":"JM Oran-2022: \u00ab\u00a0ambitions revues \u00e0 la hausse\u00a0\u00bb"},"content":{"rendered":"<div readability=\"35\">\n<p><strong>ORAN- Le Comit\u00e9 d\u2019organisation des jeux m\u00e9diterran\u00e9ens (COJM) d\u2019Oran profitera du report \u00e0 l\u2019\u00e9t\u00e9 2022 de la 19e \u00e9dition pr\u00e9vue initialement pour l\u2019\u00e9t\u00e9 2021 pour \u00ab\u00a0revoir ses ambitions \u00e0 la hausse\u00a0\u00bb, a\u00a0indiqu\u00e9 mardi le directeur g\u00e9n\u00e9ral de cet organisme.<\/strong><\/p>\n<\/div>\n<div readability=\"73.5\">\n<p>\u00ab\u00a0Le COJM travaillera encore davantage pour revoir ses ambitions \u00e0 la hausse \u00e9videmment. Nos t\u00e2ches sont connues, les d\u00e9fis identifi\u00e9s et le but \u00e9tant d\u2019organiser une comp\u00e9tition de haute vol\u00e9e\u00a0\u00bb, a \u00e9crit Salim Iles dans une lettre publi\u00e9e sur la page officielle de son instance sur Facebook.<\/p>\n<p>La 19e \u00e9dition des jeux m\u00e9diterran\u00e9ens a \u00e9t\u00e9 renvoy\u00e9e au 2022 suite \u00e0 une d\u00e9cision commune prise la semaine derni\u00e8re par le ministre de la Jeunesse et des Sports, Sid Ali Khaldi et le comit\u00e9 international des jeux (CIJM), en raison de la pand\u00e9mie de coronavirus (Covid-19) qui secoue le monde entier et qui a contraint les diff\u00e9rentes instances sportives internationales \u00e0 reporter toutes ses \u00e9preuves programm\u00e9es pour l\u2019\u00e9t\u00e9 prochain, y compris les jeux olympiques (JO) de Tokyo, rappelle-t-on.<\/p>\n<blockquote readability=\"14\">\n<p><em><strong>\u00ab\u00a0La semaine derni\u00e8re a \u00e9t\u00e9 charni\u00e8re. Les Jeux m\u00e9diterran\u00e9ens pr\u00e9vus en 2021 \u00e0 Oran ont \u00e9t\u00e9, sagement, report\u00e9s d\u2019une ann\u00e9e. La pand\u00e9mie a eu raison de tous les calendriers sportifs de l\u2019ann\u00e9e en cours, et plus pr\u00e9cis\u00e9ment les JO de Tokyo qui ont eu un impact direct sur nos Jeux\u00a0\u00bb, a ajout\u00e9 Salim Iles, tout en pr\u00e9cisant que l\u2019ann\u00e9e de pr\u00e9paration suppl\u00e9mentaire dont disposera son comit\u00e9 \u00ab\u00a0est loin de constituer une amertume, ni d\u2019ailleurs un motif d\u2019autosatisfaction\u00a0\u00bb.<\/strong><\/em><\/p>\n<\/blockquote>\n<p>L\u2019ancien champion alg\u00e9rien en natation s\u2019est engag\u00e9, en outre, \u00e0 ce que le COJM \u00ab\u00a0travaille comme il l\u2019a fait jusqu\u2019\u00e0 pr\u00e9sent d\u2019arrache-pied pour atteindre son objectif\u00a0\u00bb, sollicitant au passage l\u2019implication de la\u00a0population oranaise pour r\u00e9ussir sa mission.<\/p>\n<p>Soulignant que cette manifestation \u00ab\u00a0est une opportunit\u00e9, sans nulle autre pareille, pour nous tous afin de faire de cette \u00e9tape d\u2019Oran une r\u00e9f\u00e9rence dans l\u2019histoire des Jeux M\u00e9diterran\u00e9ens\u00a0\u00bb, Salim Iles s\u2019est dit conscient de la n\u00e9cessit\u00e9 de \u00ab\u00a0redoubler d\u2019effort, ensemble et non s\u00e9par\u00e9ment, car les attentes et les espoirs sont encore grands\u00a0\u00bb.<\/p>\n<p>Il a conclu sa lettre en s\u2019adressant aux Alg\u00e9riens pour leur conseiller \u00ab\u00a0de rester chez eux et de ne pas s\u2019aventurer inutilement \u00e0 l\u2019ext\u00e9rieur\u00a0\u00bb, estimant que \u00ab\u00a0chaque pas dehors est synonyme de risque de se faire contaminer par le Covid-19\u00a0\u00bb.<\/p>\n<\/div>\n<p>Auteur:<br \/>\n<a href=\"http:\/\/www.aps.dz\/sport\/103810-jm-oran-2022-ambitions-revues-a-la-hausse?utm_source=feedburner&#038;utm_medium=feed&#038;utm_campaign=Feed%3A+aps-sport+%28APS+-+SPORT%29\">Cliquez ici pour lire l&rsquo;article depuis sa source.<\/a><\/p>\n","protected":false},"excerpt":{"rendered":"<p>ORAN- Le Comit\u00e9 d\u2019organisation des jeux m\u00e9diterran\u00e9ens (COJM) d\u2019Oran profitera du report \u00e0 l\u2019\u00e9t\u00e9 2022 de la 19e \u00e9dition pr\u00e9vue initialement pour l\u2019\u00e9t\u00e9 2021 pour \u00ab\u00a0revoir ses ambitions \u00e0 la hausse\u00a0\u00bb, a\u00a0indiqu\u00e9 mardi le directeur g\u00e9n\u00e9ral de cet organisme. \u00ab\u00a0Le COJM travaillera encore davantage pour revoir ses ambitions \u00e0 la hausse \u00e9videmment. Nos t\u00e2ches sont [&hellip;]<\/p>\n","protected":false},"author":1790,"featured_media":0,"comment_status":"closed","ping_status":"closed","sticky":false,"template":"","format":"standard","meta":{"fifu_image_url":"","fifu_image_alt":"","footnotes":""},"categories":[53,75],"tags":[],"class_list":["post-81510","post","type-post","status-publish","format-standard","hentry","category-algerie","category-sport"],"_links":{"self":[{"href":"https:\/\/linitiative.ca\/International\/wp-json\/wp\/v2\/posts\/81510","targetHints":{"allow":["GET"]}}],"collection":[{"href":"https:\/\/linitiative.ca\/International\/wp-json\/wp\/v2\/posts"}],"about":[{"href":"https:\/\/linitiative.ca\/International\/wp-json\/wp\/v2\/types\/post"}],"author":[{"embeddable":true,"href":"https:\/\/linitiative.ca\/International\/wp-json\/wp\/v2\/users\/1790"}],"replies":[{"embeddable":true,"href":"https:\/\/linitiative.ca\/International\/wp-json\/wp\/v2\/comments?post=81510"}],"version-history":[{"count":0,"href":"https:\/\/linitiative.ca\/International\/wp-json\/wp\/v2\/posts\/81510\/revisions"}],"wp:attachment":[{"href":"https:\/\/linitiative.ca\/International\/wp-json\/wp\/v2\/media?parent=81510"}],"wp:term":[{"taxonomy":"category","embeddable":true,"href":"https:\/\/linitiative.ca\/International\/wp-json\/wp\/v2\/categories?post=81510"},{"taxonomy":"post_tag","embeddable":true,"href":"https:\/\/linitiative.ca\/International\/wp-json\/wp\/v2\/tags?post=81510"}],"curies":[{"name":"wp","href":"https:\/\/api.w.org\/{rel}","templated":true}]}}