{"id":81512,"date":"2020-04-07T12:30:00","date_gmt":"2020-04-07T16:30:00","guid":{"rendered":"https:\/\/linitiative.ca\/International\/makri-accorde-de-bons-points-au-gouvernement-djerrad\/"},"modified":"2020-04-07T12:30:00","modified_gmt":"2020-04-07T16:30:00","slug":"makri-accorde-de-bons-points-au-gouvernement-djerrad","status":"publish","type":"post","link":"https:\/\/linitiative.ca\/International\/makri-accorde-de-bons-points-au-gouvernement-djerrad\/","title":{"rendered":"Makri  accorde de bons points au gouvernement Djerrad"},"content":{"rendered":"<p><br id=\"sep_para_1\" class=\"sep_para access\"\/><\/p>\n<div id=\"para_1\" class=\"para_36369632 resize\">\n<div class=\"texte access firstletter\">Dans une\u00a0 visioconf\u00e9rence\u00a0 de presse \u00e0 laquelle, il a invit\u00e9 des journalistes, le pr\u00e9sident du MSP, Abderrazak Makri, n\u2019a pas manqu\u00e9 de souligner\u00a0 le travail \u00abimportant\u00bb du gouvernement Djerrad pour faire face au COVID-19 m\u00eame s\u2019il a h\u00e9rit\u00e9 d\u2019une situation \u00abextr\u00eamement difficile\u00bb.\u00a0 Le chef du parti islamiste\u00a0 a plut\u00f4t accord\u00e9 de bons points au pr\u00e9sident Tebboune et au gouvernement Djerrad. \u00abIl y a certes des lacunes et des manquements\u00a0 li\u00e9s \u00e0 l\u2019h\u00e9ritage de l\u2019ancien r\u00e9gime, mais les membres du gouvernement travaillent pour freiner la pand\u00e9mie du COVID-19 qui a battu le monde entier\u00bb, estime Makri. Il en a profit\u00e9 pour appr\u00e9cier le geste du pr\u00e9sident, du gouvernement et des hauts cadres de l\u2019Etat de donner un mois de leurs salaires pour participer \u00e0 l\u2019effort national contre la pand\u00e9mie.<\/div>\n<\/div>\n<p>Auteur: R\u00e9flexion<br \/>\n<a href=\"https:\/\/www.reflexiondz.net\/Makri-accorde-de-bons-points-au-gouvernement-Djerrad_a61840.html\">Cliquez ici pour lire l&rsquo;article depuis sa source.<\/a><\/p>\n","protected":false},"excerpt":{"rendered":"<p>Dans une\u00a0 visioconf\u00e9rence\u00a0 de presse \u00e0 laquelle, il a invit\u00e9 des journalistes, le pr\u00e9sident du MSP, Abderrazak Makri, n\u2019a pas manqu\u00e9 de souligner\u00a0 le travail \u00abimportant\u00bb du gouvernement Djerrad pour faire face au COVID-19 m\u00eame s\u2019il a h\u00e9rit\u00e9 d\u2019une situation \u00abextr\u00eamement difficile\u00bb.\u00a0 Le chef du parti islamiste\u00a0 a plut\u00f4t accord\u00e9 de bons points au pr\u00e9sident [&hellip;]<\/p>\n","protected":false},"author":1740,"featured_media":0,"comment_status":"closed","ping_status":"closed","sticky":false,"template":"","format":"standard","meta":{"fifu_image_url":"","fifu_image_alt":"","footnotes":""},"categories":[53,76],"tags":[],"class_list":["post-81512","post","type-post","status-publish","format-standard","hentry","category-algerie","category-regions"],"_links":{"self":[{"href":"https:\/\/linitiative.ca\/International\/wp-json\/wp\/v2\/posts\/81512","targetHints":{"allow":["GET"]}}],"collection":[{"href":"https:\/\/linitiative.ca\/International\/wp-json\/wp\/v2\/posts"}],"about":[{"href":"https:\/\/linitiative.ca\/International\/wp-json\/wp\/v2\/types\/post"}],"author":[{"embeddable":true,"href":"https:\/\/linitiative.ca\/International\/wp-json\/wp\/v2\/users\/1740"}],"replies":[{"embeddable":true,"href":"https:\/\/linitiative.ca\/International\/wp-json\/wp\/v2\/comments?post=81512"}],"version-history":[{"count":0,"href":"https:\/\/linitiative.ca\/International\/wp-json\/wp\/v2\/posts\/81512\/revisions"}],"wp:attachment":[{"href":"https:\/\/linitiative.ca\/International\/wp-json\/wp\/v2\/media?parent=81512"}],"wp:term":[{"taxonomy":"category","embeddable":true,"href":"https:\/\/linitiative.ca\/International\/wp-json\/wp\/v2\/categories?post=81512"},{"taxonomy":"post_tag","embeddable":true,"href":"https:\/\/linitiative.ca\/International\/wp-json\/wp\/v2\/tags?post=81512"}],"curies":[{"name":"wp","href":"https:\/\/api.w.org\/{rel}","templated":true}]}}