{"id":81513,"date":"2020-04-07T12:30:00","date_gmt":"2020-04-07T16:30:00","guid":{"rendered":"https:\/\/linitiative.ca\/International\/ouargla-une-fille-de-9-ans-succombe-au-covid-19\/"},"modified":"2020-04-07T12:30:00","modified_gmt":"2020-04-07T16:30:00","slug":"ouargla-une-fille-de-9-ans-succombe-au-covid-19","status":"publish","type":"post","link":"https:\/\/linitiative.ca\/International\/ouargla-une-fille-de-9-ans-succombe-au-covid-19\/","title":{"rendered":"OUARGLA :Une fille de 9 ans succombe au Covid-19"},"content":{"rendered":"<p><br id=\"sep_para_1\" class=\"sep_para access\"\/><\/p>\n<div id=\"para_1\" class=\"para_36369617 resize\">\n<div class=\"photo shadow left\"><a href=\"javascript:void(0)\" rel=\"https:\/\/www.reflexiondz.net\/photo\/art\/grande\/44564207-36369617.jpg?v=1586280494&amp;ibox\" title=\"OUARGLA :Une fille de 9 ans succombe au Covid-19\"><img decoding=\"async\" class=\"responsive c9\" src=\"https:\/\/www.reflexiondz.net\/photo\/art\/grande\/44564207-36369617.jpg?v=1586280494\" alt=\"OUARGLA :Une fille de 9 ans succombe au Covid-19\" title=\"OUARGLA :Une fille de 9 ans succombe au Covid-19\"\/><img decoding=\"async\" class=\"not-responsive\" src=\"https:\/\/www.reflexiondz.net\/photo\/art\/default\/44564207-36369617.jpg?v=1586280495\" alt=\"OUARGLA :Une fille de 9 ans succombe au Covid-19\" title=\"OUARGLA :Une fille de 9 ans succombe au Covid-19\"\/><\/a><\/div>\n<div class=\"texte access firstletter\">Le coronavirus (covid-19) a fait sa premi\u00e8re victime parmi les enfants en Alg\u00e9rie. Une fillette neuf (9) ans est d\u00e9c\u00e9d\u00e9e le lundi 6 avril 2020 \u00e0 Ouargla, a annonc\u00e9 Djamel Fourar, porte-parole du Comit\u00e9 scientifique de suivi de l\u2019\u00e9volution de la pand\u00e9mie du Coronavirus, lors de son point quotidien. En effet, parmi les 21 victimes de nouveau coronavirus Covid-19, annonc\u00e9s ce lundi 6 avril 2020, figure une petite fille de 9 ans. Le d\u00e9c\u00e8s est enregistr\u00e9 au niveau de la wilaya de Ouargla, selon la m\u00eame source. Cent-trois (103) nouveaux cas confirm\u00e9s de coronavirus (Covid-19) et 21 nouveaux d\u00e9c\u00e8s ont \u00e9t\u00e9 enregistr\u00e9s durant les derni\u00e8res 24 heures en Alg\u00e9rie, portant le nombre de cas confirm\u00e9s \u00e0 1.423 et celui des d\u00e9c\u00e8s \u00e0 173. Les nouveaux d\u00e9c\u00e8s ont \u00e9t\u00e9 enregistr\u00e9s \u00e0 Alger avec 6 d\u00e9c\u00e8s, Oran (3), Blida (2), Bordj Bou Arreridj (2), Tissemsilt (2) et un (1) cas \u00e0 Beja\u00efa, Jijel, Constantine, Biskra, Oum El Bouaghi et Ouargla, a relev\u00e9 M. Fourar lors du point de presse quotidien consacr\u00e9 \u00e0 l\u2019\u00e9volution de la pand\u00e9mie, relevant que l\u2019\u00e9pid\u00e9mie touche 45 wilayas. L\u2019infection au Covid-19 a touch\u00e9 823 hommes (58% des cas) et 600 femmes (42%), a-t-il pr\u00e9cis\u00e9, ajoutant que 36% des malades d\u00e9passent l\u2019\u00e2ge de 60 ans, alors que 35% sont \u00e2g\u00e9s entre 25 et 49 ans.\u00a0 Parmi les personnes atteintes, 90 sont gu\u00e9ries, 626 sous traitement \u00e0 la Chloroquine, 488 sous surveillance m\u00e9dicale et 46 autres sont soumises aux soins intensifs.<\/div>\n<\/div>\n<p>Auteur: Nadine<br \/>\n<a href=\"https:\/\/www.reflexiondz.net\/OUARGLA-Une-fille-de-9-ans-succombe-au-Covid-19_a61836.html\">Cliquez ici pour lire l&rsquo;article depuis sa source.<\/a><\/p>\n","protected":false},"excerpt":{"rendered":"<p>Le coronavirus (covid-19) a fait sa premi\u00e8re victime parmi les enfants en Alg\u00e9rie. Une fillette neuf (9) ans est d\u00e9c\u00e9d\u00e9e le lundi 6 avril 2020 \u00e0 Ouargla, a annonc\u00e9 Djamel Fourar, porte-parole du Comit\u00e9 scientifique de suivi de l\u2019\u00e9volution de la pand\u00e9mie du Coronavirus, lors de son point quotidien. En effet, parmi les 21 victimes [&hellip;]<\/p>\n","protected":false},"author":1740,"featured_media":0,"comment_status":"closed","ping_status":"closed","sticky":false,"template":"","format":"standard","meta":{"fifu_image_url":"","fifu_image_alt":"","footnotes":""},"categories":[53,76],"tags":[],"class_list":["post-81513","post","type-post","status-publish","format-standard","hentry","category-algerie","category-regions"],"_links":{"self":[{"href":"https:\/\/linitiative.ca\/International\/wp-json\/wp\/v2\/posts\/81513","targetHints":{"allow":["GET"]}}],"collection":[{"href":"https:\/\/linitiative.ca\/International\/wp-json\/wp\/v2\/posts"}],"about":[{"href":"https:\/\/linitiative.ca\/International\/wp-json\/wp\/v2\/types\/post"}],"author":[{"embeddable":true,"href":"https:\/\/linitiative.ca\/International\/wp-json\/wp\/v2\/users\/1740"}],"replies":[{"embeddable":true,"href":"https:\/\/linitiative.ca\/International\/wp-json\/wp\/v2\/comments?post=81513"}],"version-history":[{"count":0,"href":"https:\/\/linitiative.ca\/International\/wp-json\/wp\/v2\/posts\/81513\/revisions"}],"wp:attachment":[{"href":"https:\/\/linitiative.ca\/International\/wp-json\/wp\/v2\/media?parent=81513"}],"wp:term":[{"taxonomy":"category","embeddable":true,"href":"https:\/\/linitiative.ca\/International\/wp-json\/wp\/v2\/categories?post=81513"},{"taxonomy":"post_tag","embeddable":true,"href":"https:\/\/linitiative.ca\/International\/wp-json\/wp\/v2\/tags?post=81513"}],"curies":[{"name":"wp","href":"https:\/\/api.w.org\/{rel}","templated":true}]}}