{"id":81514,"date":"2020-04-07T12:30:00","date_gmt":"2020-04-07T16:30:00","guid":{"rendered":"https:\/\/linitiative.ca\/International\/la-lecture-du-coran-diffusee-sur-les-haut-parleurs-des-mosquees\/"},"modified":"2020-04-07T12:30:00","modified_gmt":"2020-04-07T16:30:00","slug":"la-lecture-du-coran-diffusee-sur-les-haut-parleurs-des-mosquees","status":"publish","type":"post","link":"https:\/\/linitiative.ca\/International\/la-lecture-du-coran-diffusee-sur-les-haut-parleurs-des-mosquees\/","title":{"rendered":"La lecture du Coran diffus\u00e9e sur  les haut-parleurs des mosqu\u00e9es"},"content":{"rendered":"<p><br id=\"sep_para_1\" class=\"sep_para access\"\/><\/p>\n<div id=\"para_1\" class=\"para_36369629 resize\">\n<div class=\"texte access firstletter\">Le minist\u00e8re des Affaires religieuses et des Wakfs a rendu publique\u00a0 lundi 06 avril, une instruction invitant les imams \u00e0 diffuser la lecture du Saint Coran via les haut-parleurs des mosqu\u00e9es avant la pri\u00e8re d\u2019 \u00ab El Dohr \u00bb. La lecture des textes du Coran sera diffus\u00e9e sur les haut-parleurs dans toutes les mosqu\u00e9es pendant 30 minutes avant chaque pri\u00e8re d\u2019 \u00ab El Dohr \u00bb, a incit\u00e9 le minist\u00e8re des Affaires religieuses qui justifie cette instruction par une \u00ab demande de citoyens \u00bb. Le minist\u00e8re des Waks a laiss\u00e9 toutefois toute la libert\u00e9 aux imams de choisir les jours de diffusion ainsi que la p\u00e9riode de diffusion en coordination avec les autorit\u00e9s locales.<\/div>\n<\/div>\n<p>Auteur: R\u00e9flexion<br \/>\n<a href=\"https:\/\/www.reflexiondz.net\/La-lecture-du-Coran-diffusee-sur-les-haut-parleurs-des-mosquees_a61839.html\">Cliquez ici pour lire l&rsquo;article depuis sa source.<\/a><\/p>\n","protected":false},"excerpt":{"rendered":"<p>Le minist\u00e8re des Affaires religieuses et des Wakfs a rendu publique\u00a0 lundi 06 avril, une instruction invitant les imams \u00e0 diffuser la lecture du Saint Coran via les haut-parleurs des mosqu\u00e9es avant la pri\u00e8re d\u2019 \u00ab El Dohr \u00bb. La lecture des textes du Coran sera diffus\u00e9e sur les haut-parleurs dans toutes les mosqu\u00e9es pendant [&hellip;]<\/p>\n","protected":false},"author":1740,"featured_media":0,"comment_status":"closed","ping_status":"closed","sticky":false,"template":"","format":"standard","meta":{"fifu_image_url":"","fifu_image_alt":"","footnotes":""},"categories":[53,76],"tags":[],"class_list":["post-81514","post","type-post","status-publish","format-standard","hentry","category-algerie","category-regions"],"_links":{"self":[{"href":"https:\/\/linitiative.ca\/International\/wp-json\/wp\/v2\/posts\/81514","targetHints":{"allow":["GET"]}}],"collection":[{"href":"https:\/\/linitiative.ca\/International\/wp-json\/wp\/v2\/posts"}],"about":[{"href":"https:\/\/linitiative.ca\/International\/wp-json\/wp\/v2\/types\/post"}],"author":[{"embeddable":true,"href":"https:\/\/linitiative.ca\/International\/wp-json\/wp\/v2\/users\/1740"}],"replies":[{"embeddable":true,"href":"https:\/\/linitiative.ca\/International\/wp-json\/wp\/v2\/comments?post=81514"}],"version-history":[{"count":0,"href":"https:\/\/linitiative.ca\/International\/wp-json\/wp\/v2\/posts\/81514\/revisions"}],"wp:attachment":[{"href":"https:\/\/linitiative.ca\/International\/wp-json\/wp\/v2\/media?parent=81514"}],"wp:term":[{"taxonomy":"category","embeddable":true,"href":"https:\/\/linitiative.ca\/International\/wp-json\/wp\/v2\/categories?post=81514"},{"taxonomy":"post_tag","embeddable":true,"href":"https:\/\/linitiative.ca\/International\/wp-json\/wp\/v2\/tags?post=81514"}],"curies":[{"name":"wp","href":"https:\/\/api.w.org\/{rel}","templated":true}]}}