{"id":81515,"date":"2020-04-07T12:30:00","date_gmt":"2020-04-07T16:30:00","guid":{"rendered":"https:\/\/linitiative.ca\/International\/lancien-chef-de-letat-bensalah-fait-don-dun-mois-de-salaire\/"},"modified":"2020-04-07T12:30:00","modified_gmt":"2020-04-07T16:30:00","slug":"lancien-chef-de-letat-bensalah-fait-don-dun-mois-de-salaire","status":"publish","type":"post","link":"https:\/\/linitiative.ca\/International\/lancien-chef-de-letat-bensalah-fait-don-dun-mois-de-salaire\/","title":{"rendered":"L\u2019ancien chef de l\u2019Etat  Bensalah, fait don d\u2019un mois de salaire"},"content":{"rendered":"<p><br id=\"sep_para_1\" class=\"sep_para access\"\/><\/p>\n<div id=\"para_1\" class=\"para_36369626 resize\">\n<div class=\"texte access firstletter\">L\u2019ancien pr\u00e9sident du Conseil de la Nation et chef de l\u2019Etat, Abdelkader Bensalah, fait don d\u2019une mensualit\u00e9 de son salaire, a rapport\u00e9 la t\u00e9l\u00e9vision nationale. La m\u00eame source a \u00e9t\u00e9 r\u00e9cipiendaire d\u2019une missive que lui adress\u00e9e Abdelkader Bensalah, dans laquelle il a soulign\u00e9 son enti\u00e8re adh\u00e9sion \u00e0 l\u2019\u00e9lan de solidarit\u00e9 nationale et la mobilisation pour endiguer le danger du coronavirus, pr\u00e9cisant que \u00abj\u2019apporte ma modeste contribution \u00e0 cet \u00e9lan national en faisant don d\u2019une mensualit\u00e9 de mon salaire, qui sera\u00a0 vers\u00e9e sur le compte d\u00e9di\u00e9 \u00e0 cet effet \u00bb. Pour rappel et apr\u00e8s les \u00e9lections pr\u00e9sidentielles du 12 d\u00e9cembre 2019, Abdelkader a fait valoir son droit \u00e0 la retraite.<\/div>\n<\/div>\n<p>Auteur: R\u00e9flexion<br \/>\n<a href=\"https:\/\/www.reflexiondz.net\/L-ancien-chef-de-l-Etat-Bensalah-fait-don-d-un-mois-de-salaire_a61838.html\">Cliquez ici pour lire l&rsquo;article depuis sa source.<\/a><\/p>\n","protected":false},"excerpt":{"rendered":"<p>L\u2019ancien pr\u00e9sident du Conseil de la Nation et chef de l\u2019Etat, Abdelkader Bensalah, fait don d\u2019une mensualit\u00e9 de son salaire, a rapport\u00e9 la t\u00e9l\u00e9vision nationale. La m\u00eame source a \u00e9t\u00e9 r\u00e9cipiendaire d\u2019une missive que lui adress\u00e9e Abdelkader Bensalah, dans laquelle il a soulign\u00e9 son enti\u00e8re adh\u00e9sion \u00e0 l\u2019\u00e9lan de solidarit\u00e9 nationale et la mobilisation pour [&hellip;]<\/p>\n","protected":false},"author":1740,"featured_media":0,"comment_status":"closed","ping_status":"closed","sticky":false,"template":"","format":"standard","meta":{"fifu_image_url":"","fifu_image_alt":"","footnotes":""},"categories":[53,76],"tags":[],"class_list":["post-81515","post","type-post","status-publish","format-standard","hentry","category-algerie","category-regions"],"_links":{"self":[{"href":"https:\/\/linitiative.ca\/International\/wp-json\/wp\/v2\/posts\/81515","targetHints":{"allow":["GET"]}}],"collection":[{"href":"https:\/\/linitiative.ca\/International\/wp-json\/wp\/v2\/posts"}],"about":[{"href":"https:\/\/linitiative.ca\/International\/wp-json\/wp\/v2\/types\/post"}],"author":[{"embeddable":true,"href":"https:\/\/linitiative.ca\/International\/wp-json\/wp\/v2\/users\/1740"}],"replies":[{"embeddable":true,"href":"https:\/\/linitiative.ca\/International\/wp-json\/wp\/v2\/comments?post=81515"}],"version-history":[{"count":0,"href":"https:\/\/linitiative.ca\/International\/wp-json\/wp\/v2\/posts\/81515\/revisions"}],"wp:attachment":[{"href":"https:\/\/linitiative.ca\/International\/wp-json\/wp\/v2\/media?parent=81515"}],"wp:term":[{"taxonomy":"category","embeddable":true,"href":"https:\/\/linitiative.ca\/International\/wp-json\/wp\/v2\/categories?post=81515"},{"taxonomy":"post_tag","embeddable":true,"href":"https:\/\/linitiative.ca\/International\/wp-json\/wp\/v2\/tags?post=81515"}],"curies":[{"name":"wp","href":"https:\/\/api.w.org\/{rel}","templated":true}]}}