{"id":81521,"date":"2020-04-06T18:49:41","date_gmt":"2020-04-06T22:49:41","guid":{"rendered":"https:\/\/linitiative.ca\/International\/apres-une-eclaircie-lopep-a-nouveau-dans-le-brouillard\/"},"modified":"2020-04-06T18:49:41","modified_gmt":"2020-04-06T22:49:41","slug":"apres-une-eclaircie-lopep-a-nouveau-dans-le-brouillard","status":"publish","type":"post","link":"https:\/\/linitiative.ca\/International\/apres-une-eclaircie-lopep-a-nouveau-dans-le-brouillard\/","title":{"rendered":"Apr\u00e8s une \u00e9claircie, l&rsquo;OPEP \u00e0 nouveau dans le brouillard"},"content":{"rendered":"<p><br class=\"autobr\"\/><strong>Face \u00e0 la d\u00e9pression effr\u00e9n\u00e9e du march\u00e9 p\u00e9trolier qui s\u2019accentue au rythme de la propagation \u00e0 l\u2019\u00e9chelle mondiale de la pand\u00e9mie du Covid-19 \u00e0 laquelle s\u2019est greff\u00e9e la guerre des prix entre l\u2019Arabie saoudite et la Russie, la r\u00e9duction de la production du p\u00e9trole reste la seule option pour redresser la situation, du moins selon le v\u0153u de l\u2019Alg\u00e9rie.<\/strong><\/p>\n<p><br class=\"autobr\"\/><br \/>\nApr\u00e8s une lueur d\u2019espoir et les attentes des investisseurs qu\u2019avait suscit\u00e9 l\u2019annonce de la r\u00e9union de membres de l\u2019OPEP, pr\u00e9vue hier, son report vient embrouiller \u00e0 nouveau les calculs et fait rechuter les prix du p\u00e9trole en Asie. Cette situation renvoi aux calendes grecques la perspective d\u2019un compromis entre les pays de l\u2019OPEP+ \u00e0 m\u00eame de soutenir les cours de l\u2019or noir.<\/p>\n<p><br class=\"autobr\"\/><br \/>\nDe par sa d\u00e9pendance aux hydrocarbures, l\u2019Alg\u00e9rie figure parmi les pays qui essuient lourdement les retomb\u00e9es n\u00e9fastes de cette crise et les fluctuations du march\u00e9 mondial.<\/p>\n<p><br class=\"autobr\"\/><br \/>\nC\u2019est ce qui explique d\u2019ailleurs ses appels multiples \u00e0 la r\u00e9duction de la production p\u00e9trole, sachant que la derni\u00e8re proposition dans ce sens a \u00e9t\u00e9 annonc\u00e9e ce dimanche, soit quatre jours avant la r\u00e9union de l\u2019OPEP attendue jeudi le 9 avril. Il serait question, selon le minist\u00e8re de l\u2019Energie, de d\u00e9battre d\u2019une solution possible \u00e0 m\u00eame de concr\u00e9tiser un rebond des cours du Brent.<\/p>\n<p><br class=\"autobr\"\/><br \/>\nLe ministre de l\u2019Energie, Mohamed Arkab qui table sur cette option avait indiqu\u00e9 que l\u2019Alg\u00e9rie qui est \u00e0 la t\u00eate de la pr\u00e9sidence de la Conf\u00e9rence de l\u2019OPEP r\u00e9it\u00e8re son appel aux producteurs du p\u00e9trole afin de privil\u00e9gier \u00ab\u00a0le sens de la responsabilit\u00e9\u00a0\u00bb, pr\u00e9cisant que cette r\u00e9duction devrait \u00eatre \u00ab\u00a0globale, massive et imm\u00e9diate\u00a0\u00bb.<\/p>\n<blockquote readability=\"12\">\n<p><br class=\"autobr\"\/><strong><span class=\"c5\">Et de d\u00e9clarer\u00a0: \u00ab\u00a0L\u2019Alg\u00e9rie, qui assure la pr\u00e9sidence de la Conf\u00e9rence de l\u2019OPEP, lance un appel \u00e0 tous les producteurs de p\u00e9trole pour saisir l\u2019opportunit\u00e9 de la r\u00e9union pr\u00e9vue le 9 avril, pour privil\u00e9gier le sens des responsabilit\u00e9s et aboutir \u00e0 un accord sur une r\u00e9duction de la production p\u00e9troli\u00e8re qui soit globale, massive et imm\u00e9diate\u00a0\u00bb.<\/span><\/strong><\/p>\n<\/blockquote>\n<p><br class=\"autobr\"\/><br \/>\nL\u2019Alg\u00e9rie \u0153uvrera, comme par le pass\u00e9, soutient-il, \u00e0 rapprocher les points de vue, rechercher les solutions consensuelles et contribuer \u00e0 tout effort qui permettra de stabiliser le march\u00e9 p\u00e9trolier, pour le b\u00e9n\u00e9fice des pays producteurs et des pays consommateurs.<\/p>\n<p><br class=\"autobr\"\/><br \/>\nPar ailleurs, M.\u00a0Arkab a soulign\u00e9, selon un communiqu\u00e9 du minist\u00e8re de l\u2019Energie, que le march\u00e9 p\u00e9trolier fait face \u00e0 une chute de la demande mondiale \u00e0 un niveau in\u00e9gal\u00e9 par le pass\u00e9, en raison de l\u2019impact de la pand\u00e9mie de Covid-19 sur l\u2019activit\u00e9 \u00e9conomique mondiale et des mesures de confinement prises par de nombreux pays. Il a ajout\u00e9 que le march\u00e9 faisait face \u00e9galement \u00e0 une augmentation de la production mondiale de p\u00e9trole, due \u00e0 la volont\u00e9 de certains pays de produire au maximum de leur capacit\u00e9.<\/p>\n<p><br class=\"autobr\"\/><br \/>\n\u00ab\u00a0Ce double choc a induit une baisse drastique des prix p\u00e9troliers, une baisse qui sera encore plus accentu\u00e9e dans quelques semaines, lorsque les capacit\u00e9s de stockage de p\u00e9trole, en terre et en mer, seront satur\u00e9es, conduisant une dislocation durable de l\u2019industrie p\u00e9troli\u00e8re\u00a0\u00bb, a observ\u00e9 M.\u00a0Arkab. Etant \u00ab\u00a0consciente de cette situation et des risques y associ\u00e9es, et de ses cons\u00e9quences sur les peuples des pays producteurs de p\u00e9trole \u00e0 un moment o\u00f9 ils luttent contre la pand\u00e9mie de COVID-19\u00a0\u00bb, l\u2019Alg\u00e9rie invite de ce fait les producteurs \u00e0 un accord sur une baisse imm\u00e9diate de leur production, avait insist\u00e9 le ministre. Il faut rappeler que les d\u00e9clarations du ministre de l\u2019Energie, viennent apr\u00e8s l\u2019intervention des Etats Unis pour tenter de mettre fin \u00e0 la guerre des prix et d\u00e9tendre le climat de d\u00e9saccord entre Moscou et Riyad. Le pr\u00e9sident am\u00e9ricain Donald Trump avait signifi\u00e9 vendredi pass\u00e9 que les quantit\u00e9s de production de p\u00e9trole vont connaitre une baisse attendue de 10 millions de barils le jour. H\u00e9las, les investisseurs sont rest\u00e9s \u00e0 leur faim, suite au report d\u00e9cevant de la r\u00e9union du lundi, prolongeant encore dans l\u2019instabilit\u00e9 les cours du Brent. Le baril am\u00e9ricain de WTI pour livraison en mai, rappelons-le, a recul\u00e9 hier de 5,3% \u00e0 27,06 dollars\/baril apr\u00e8s avoir baiss\u00e9 de 8% lors des premiers \u00e9changes en Asie, quant au baril de Brent de la mer Nord pour livraison en juin , il a affich\u00e9 33, 04 dollars.<\/p>\n<p>Auteur: Boudjedri<br \/>\n<a href=\"http:\/\/www.jeune-independant.net\/L-Algerie-appelle-a-une-reduction.html\">Cliquez ici pour lire l&rsquo;article depuis sa source.<\/a><\/p>\n","protected":false},"excerpt":{"rendered":"<p>Face \u00e0 la d\u00e9pression effr\u00e9n\u00e9e du march\u00e9 p\u00e9trolier qui s\u2019accentue au rythme de la propagation \u00e0 l\u2019\u00e9chelle mondiale de la pand\u00e9mie du Covid-19 \u00e0 laquelle s\u2019est greff\u00e9e la guerre des prix entre l\u2019Arabie saoudite et la Russie, la r\u00e9duction de la production du p\u00e9trole reste la seule option pour redresser la situation, du moins selon [&hellip;]<\/p>\n","protected":false},"author":1737,"featured_media":0,"comment_status":"closed","ping_status":"closed","sticky":false,"template":"","format":"standard","meta":{"fifu_image_url":"","fifu_image_alt":"","footnotes":""},"categories":[73,53],"tags":[],"class_list":["post-81521","post","type-post","status-publish","format-standard","hentry","category-actualite","category-algerie"],"_links":{"self":[{"href":"https:\/\/linitiative.ca\/International\/wp-json\/wp\/v2\/posts\/81521","targetHints":{"allow":["GET"]}}],"collection":[{"href":"https:\/\/linitiative.ca\/International\/wp-json\/wp\/v2\/posts"}],"about":[{"href":"https:\/\/linitiative.ca\/International\/wp-json\/wp\/v2\/types\/post"}],"author":[{"embeddable":true,"href":"https:\/\/linitiative.ca\/International\/wp-json\/wp\/v2\/users\/1737"}],"replies":[{"embeddable":true,"href":"https:\/\/linitiative.ca\/International\/wp-json\/wp\/v2\/comments?post=81521"}],"version-history":[{"count":0,"href":"https:\/\/linitiative.ca\/International\/wp-json\/wp\/v2\/posts\/81521\/revisions"}],"wp:attachment":[{"href":"https:\/\/linitiative.ca\/International\/wp-json\/wp\/v2\/media?parent=81521"}],"wp:term":[{"taxonomy":"category","embeddable":true,"href":"https:\/\/linitiative.ca\/International\/wp-json\/wp\/v2\/categories?post=81521"},{"taxonomy":"post_tag","embeddable":true,"href":"https:\/\/linitiative.ca\/International\/wp-json\/wp\/v2\/tags?post=81521"}],"curies":[{"name":"wp","href":"https:\/\/api.w.org\/{rel}","templated":true}]}}