{"id":81523,"date":"2020-04-07T12:30:00","date_gmt":"2020-04-07T16:30:00","guid":{"rendered":"https:\/\/linitiative.ca\/International\/general-meddeb-pandemie-sur-fond-de-menaces-securitaires-persistantes-pourtant-pas-de-rappel-de-la-reserve\/"},"modified":"2020-04-07T12:30:00","modified_gmt":"2020-04-07T16:30:00","slug":"general-meddeb-pandemie-sur-fond-de-menaces-securitaires-persistantes-pourtant-pas-de-rappel-de-la-reserve","status":"publish","type":"post","link":"https:\/\/linitiative.ca\/International\/general-meddeb-pandemie-sur-fond-de-menaces-securitaires-persistantes-pourtant-pas-de-rappel-de-la-reserve\/","title":{"rendered":"G\u00e9n\u00e9ral Meddeb: Pand\u00e9mie sur fond de menaces s\u00e9curitaires persistantes:  Pourtant, pas de rappel de la r\u00e9serve?"},"content":{"rendered":"<p><span class=\"c2\"><strong>Par le G\u00e9n\u00e9ral (r) Mohamed Meddeb &#8211;<\/strong><\/span> Pression terroriste sans rel\u00e2che, ing\u00e9rences militaires \u00e9trang\u00e8res, contrebande et crimes organis\u00e9s, graves incidences de la crise libyenne, affermissement de nouvelles puissances r\u00e9gionales, retomb\u00e9es n\u00e9fastes d\u2019un chamboulement acc\u00e9l\u00e9r\u00e9 des rapports de forces, effritement continu de l\u2019ordre international; tels sont les traits saillants du contexte g\u00e9ostrat\u00e9gique de la r\u00e9gion m\u00e9diterran\u00e9enne, notre r\u00e9gion. Cette situation est \u00e0 l\u2019origine de graves incidences s\u00e9curitaires sur la Tunisie et de l\u00e0 sur son Arm\u00e9e. Celle-ci, alors qu\u2019elle se d\u00e9bat, depuis surtout une dizaine d\u2019ann\u00e9es pour faire face \u00e0 de nombreuses et diverses menaces, vient d\u2019\u00eatre invit\u00e9e \u00e0 booster l\u2019effort national contre Covid-19. <span class=\"c2\"><strong>Curieusement, malgr\u00e9 cette crise sanitaire aig\u00fce sur fond de menaces s\u00e9curitaires multiples et pressantes, on n\u2019a pas enregistr\u00e9 une quelconque mobilisation de l\u2019Arm\u00e9e de r\u00e9serve.<\/strong><\/span> Est-ce l\u2019expression d\u2019une volont\u00e9 et d\u00e9cision raisonn\u00e9e ou d\u2019impossibilit\u00e9 due \u00e0 l\u2019absence m\u00eame d\u2019une Arm\u00e9e de r\u00e9serve mobilisable?<\/p>\n<p>Pour assurer sa s\u00e9curit\u00e9, la Tunisie, en optant d\u00e8s son ind\u00e9pendance, pour le service militaire obligatoire, \u00e9largi par la suite au Service National, s\u2019est ainsi dot\u00e9e d\u2019une Arm\u00e9e de conscription. Jusque-l\u00e0, avec les moyens modestes que la nation a bien voulus mettre \u00e0 sa disposition, l\u2019Arm\u00e9e tunisienne s\u2019est honorablement, dignement et avec un degr\u00e9 de professionnalisme plus que respectable, acquitt\u00e9e des missions qui lui ont \u00e9t\u00e9 d\u00e9volues. Depuis 2011, l\u2019Arm\u00e9e se trouve objet de notables mutations, entre autres, au niveau des missions et des ressources humaines. En effet, les missions de l\u2019Arm\u00e9e se sont multipli\u00e9es et diversifi\u00e9es, allant de la d\u00e9fense du territoire, \u00e0 la guerre au terrorisme et contrebande dans son volet s\u00e9curitaire, au soutien aux Forces de S\u00e9curit\u00e9 Int\u00e9rieure (FSI) dans le cadre du maintien de l\u2019ordre, \u00e0 l\u2019installation puis la gestion de larges camps de r\u00e9fugi\u00e9s, \u00e0 la protection de sites importants de production, ce, sans mettre totalement en veille ni sa contribution \u00e0 l\u2019effort national de d\u00e9veloppement ni sa participation aux missions onusiennes de maintien de la paix dans le monde. Concernant les ressources humaines, c\u2019est au niveau du dysfonctionnement du Service National que le b\u00e2t blesse, d\u2019o\u00f9 l\u2019impossibilit\u00e9 de disposer d\u2019une r\u00e9serve cons\u00e9quente, mobilisable en situation de guerre ou de crise avec les cons\u00e9quences qu\u2019on pourrait ais\u00e9ment imaginer.<\/p>\n<p><span class=\"c4\"><span class=\"c3\"><strong>L\u2019Arm\u00e9e et la crise anti Covid-19<\/strong><\/span><\/span><\/p>\n<p>R\u00e9cemment, pour faire face au Coronavirus, l\u2019Arm\u00e9e s\u2019est vu charg\u00e9e de prot\u00e9ger les sites de stockage des denr\u00e9es alimentaires de base, d\u2019accompagner les convois de transport de ces denr\u00e9es entre diff\u00e9rents sites et aussi de veiller, en soutien aux FSI, au respect du confinement g\u00e9n\u00e9ral et du couvre-feu, instaur\u00e9s pour faire face \u00e0 cette pand\u00e9mie.<\/p>\n<p>A mon humble avis, <span class=\"c2\"><strong>au vu de la situation s\u00e9curitaire dans la r\u00e9gion et des impr\u00e9visibles d\u00e9veloppements possibles des menaces et risques qu\u2019encourt le pays, l\u2019Arm\u00e9e \u00ab\u00a0active\u00a0\u00bb n\u2019aurait pas d\u00fb \u00eatre charg\u00e9e de ces t\u00e2ches suppl\u00e9mentaires de lutte anti-covid19, au risque d\u2019une dispersion non souhait\u00e9e de ses efforts. Et si une intervention militaire \u00e9tait indispensable, n\u2019\u00e9tait-il pas plus judicieux de recourir au rappel d\u2019une partie de la R\u00e9serve ? Je crains que le non recours au rappel de la R\u00e9serve ne soit d\u00fb au fait que le pays ne dispose plus, ou presque, d\u2019une Arm\u00e9e de R\u00e9serve,<\/strong><\/span> digne de ce nom, mobilisable et capable, dans ce cas, de soutenir les FSI et porter secours \u00e0 la population, dans cette op\u00e9ration \u00e0 grande \u00e9chelle, sur tout le territoire et de longue dur\u00e9e, donc dispendieuse en personnel comme en \u00e9quipement.<\/p>\n<p><span class=\"c2\"><strong>Essayer de comprendre comment est-on arriv\u00e9 l\u00e0, nous conduit in\u00e9luctablement \u00e0 l\u2019\u00e9pineuse probl\u00e9matique du \u00a0\u00bb Service National \u00ab\u00a0, que pour des raisons obscures, les d\u00e9cideurs ont plut\u00f4t tendance \u00e0 ignorer.<\/strong><\/span> Plus concr\u00e8tement, il faut revenir au syst\u00e8me de conscription, qui devrait alimenter les Forces Arm\u00e9es en jeunes recrues qui, \u00e0 l\u2019issue du Service National, se trouvent automatiquement vers\u00e9s dans cette r\u00e9serve. <span class=\"c2\"><strong>Malheureusement, et ce n\u2019est plus un secret pour personne, pour des raisons multiples connues de tous, le syst\u00e8me de conscription actuel, en dysfonctionnement presque total, n\u2019alimente que tr\u00e8s peu les Forces Arm\u00e9es en jeunes recrues.<\/strong><\/span> Pourtant, s\u2019agissant d\u2019une Arm\u00e9e de conscription, elle devrait \u00eatre constitu\u00e9e de plus de 55 % de jeunes citoyens accomplissant le \u00ab\u00a0Service National\u00a0\u00bb, le restant des effectifs, \u00e9tant des militaires de carri\u00e8re, les officiers et une partie des sous-officiers, et des contractuels, la majorit\u00e9 des sous-officiers et hommes du rang.<\/p>\n<p><span class=\"c4\"><span class=\"c3\"><strong>Peut-il y avoir de R\u00e9serve sans Service National?<\/strong><\/span><\/span><\/p>\n<p>Ayant d\u00e9j\u00e0, et \u00e0 plusieurs reprises, attir\u00e9 l\u2019attention sur la n\u00e9cessit\u00e9 de r\u00e9former le Service National dans sa version actuelle, en pr\u00e9sentant les grandes lignes d\u2019un Service National \u00ab\u00a0universel et \u00e9quitable\u00a0\u00bb, dans ce qui suit, <span class=\"c2\"><strong>je me limiterai \u00e0 mettre en relief l\u2019utilit\u00e9, plut\u00f4t l\u2019indispensabilit\u00e9, d\u2019entretenir une Arm\u00e9e de R\u00e9serve \u00e0 laquelle le pays pourrait recourir en cas de guerre et de crise.<\/strong><\/span>\u00a0 Et c\u2019est un autre motif qui justifie la refonte, sans plus tarder, du Service National actuel.<\/p>\n<p>On entend par Arm\u00e9e de r\u00e9serve, l\u2019ensemble des citoyens qui ont re\u00e7u auparavant, une formation militaire. Elle est donc constitu\u00e9e, majoritairement, des jeunes recrues ayant termin\u00e9 le service national et d\u2019anciens militaires \u00ab\u00a0actifs\u00a0\u00bb de carri\u00e8re ou contractuels lib\u00e9r\u00e9s, pour diff\u00e9rentes raisons, avant l\u2019\u00e2ge de la retraite. Ces jeunes recrues, lib\u00e9r\u00e9s \u00e0 l\u2019issue du devoir national, constituent donc, l\u2019\u00e9crasante majorit\u00e9 de cette Arm\u00e9e de R\u00e9serve. Au besoin, ceux-l\u00e0, peuvent \u00eatre rappel\u00e9s au service, selon le besoin, par cat\u00e9gorie, par classe, par qualification ou selon tout autre crit\u00e8re pr\u00e9vu par la loi.\u00a0 Ainsi, <span class=\"c2\"><strong>il est clair qu\u2019on ne peut avoir une \u00ab\u00a0Arm\u00e9e de R\u00e9serve\u00a0\u00bb et discuter des possibilit\u00e9s de son emploi, qu\u2019en pr\u00e9sence d\u2019un Service National, au sein duquel seraient form\u00e9s les jeunes recrues qui alimenteraient ladite R\u00e9serve.<\/strong><\/span>\u00a0\u00a0\u00a0\u00a0\u00a0\u00a0\u00a0\u00a0\u00a0<\/p>\n<p>En r\u00e8gle g\u00e9n\u00e9rale, on fait appel \u00e0 cette R\u00e9serve dans les situations de guerre et de crises graves pour, d\u2019abord renforcer en personnel l\u2019Arm\u00e9e active, et ensuite soutenir les efforts des organismes publics pour surmonter les difficult\u00e9s rencontr\u00e9es, tel que d\u00e9ficit en potentiel humain, en moyens ou capacit\u00e9s et savoir-faire d\u2019intervention sp\u00e9cifiques ou autre.<\/p>\n<p><span class=\"c4\"><span class=\"c3\"><strong>De la R\u00e9serve face \u00e0 covid-19, pour quel emploi?<\/strong><\/span><\/span><\/p>\n<p>Dans le cas d\u2019esp\u00e8ce, la lutte au Covid19, <span class=\"c5\">et pour permettre \u00e0 l\u2019Arm\u00e9e active de se consacrer pleinement \u00e0 sa mission institutionnelle principale, la d\u00e9fense de l\u2019int\u00e9grit\u00e9 du territoire y compris la lutte antiterroriste, dans cet environnement s\u00e9curitaire r\u00e9gional et national d\u00e9l\u00e9t\u00e8re,<\/span> <span class=\"c2\"><strong>on aurait pu, si on en avait une, mobiliser une partie de la R\u00e9serve et la charger de missions de soutien aux institutions publiques civiles qui en ont besoin.<\/strong><\/span> Cette R\u00e9serve, aurait permis par la m\u00eame occasion, de renforcer les structures sanitaires militaires en personnel m\u00e9dical et param\u00e9dical et augmenter, de la sorte, les capacit\u00e9s militaires d\u2019intervention sanitaires et autres dans le cadre de l\u2019effort national anti-covid19.<\/p>\n<p>Dans ce qui suit, un exemple d\u2019emploi possible des formations militaires de r\u00e9serve qui auraient \u00e9t\u00e9 mobilis\u00e9es dans ce cadre de lutte anti-covid19, en soutien aux institutions publiques impliqu\u00e9es.<\/p>\n<p><span class=\"c6\"><span class=\"c2\"><strong>D\u2019abord au profit de l\u2019Institution Militaire:<\/strong><\/span><\/span><\/p>\n<p class=\"c7\"><span class=\"c2\"><strong>\u2022<\/strong><\/span> Renforcer en personnel, toute unit\u00e9 militaire qui en aurait besoin, sanitaire, de combat, logistique ou autre;<br \/><span class=\"c2\"><strong>\u2022<\/strong><\/span> La mise sur pied de nouvelles unit\u00e9s sanitaires mobiles d\u2019intervention anti-covid19 pour le d\u00e9pistage et\/ou la prise en charge en premi\u00e8re ligne dans les zones d\u00e9munies de telles capacit\u00e9s et autres missions,<br \/><span class=\"c2\"><strong>\u2022<\/strong><\/span> La mise sur pied de nouvelles formations d\u2019intervention au profit des institutions et autorit\u00e9s concern\u00e9es.<\/p>\n<p><span class=\"c6\"><span class=\"c2\"><strong>Au profit du Minist\u00e8re de la Sant\u00e9:<\/strong><\/span><\/span><\/p>\n<p class=\"c7\"><span class=\"c2\"><strong>\u2022<\/strong><\/span> Le d\u00e9tachement de personnel m\u00e9dical et param\u00e9dical mobilis\u00e9, \u00e0 employer au sein des \u00e9tablissements hospitaliers ou dans de nouvelles structures m\u00e9dicales qui seraient cr\u00e9\u00e9es \u00e0 l\u2019occasion;<br \/><span class=\"c2\"><strong>\u2022<\/strong><\/span> La participation \u00e0 la construction de nouvelles structures m\u00e9dicales d\u00e9di\u00e9es au tri des suspects, traitement des malades ou autre;<br \/><span class=\"c2\"><strong>\u2022<\/strong><\/span> La s\u00e9curisation des centres de confinement obligatoire des malades et des suspects.<\/p>\n<p><span class=\"c6\"><span class=\"c2\"><strong>Soutenir les Forces de S\u00e9curit\u00e9 Int\u00e9rieure dans les missions de:<\/strong><\/span><\/span><\/p>\n<p class=\"c7\"><span class=\"c2\"><strong>\u2022<\/strong><\/span> Protection de points sensibles dans le cadre des missions de maintien de l\u2019ordre;<br \/><span class=\"c2\"><strong>\u2022<\/strong><\/span> Imposition du respect par les citoyens des mesures de confinement g\u00e9n\u00e9ral, du couvre-feu, du port d\u2019un masque ou d\u2019autres mesures du m\u00eame type.<\/p>\n<p><span class=\"c6\"><span class=\"c2\"><strong>Soutenir le Minist\u00e8re du Commerce pour:<\/strong><\/span><\/span><\/p>\n<p class=\"c7\"><span class=\"c2\"><strong>\u2022<\/strong><\/span> Prot\u00e9ger les d\u00e9p\u00f4ts principaux de denr\u00e9es de premi\u00e8re n\u00e9cessit\u00e9;<br \/><span class=\"c2\"><strong>\u2022<\/strong><\/span> S\u00e9curiser et au besoin assurer le transport des denr\u00e9es de premi\u00e8re n\u00e9cessit\u00e9 entre les d\u00e9p\u00f4ts de stockage et les points de distribution.<\/p>\n<p><span class=\"c2\"><span class=\"c6\"><strong>Soutenir le Minist\u00e8re des Affaires Sociales par:<\/strong><\/span><\/span><\/p>\n<p class=\"c7\"><span class=\"c2\"><strong>\u2022<\/strong><\/span> La recherche et l\u2019identification des familles n\u00e9cessiteuses dans les zones isol\u00e9es du pays, au sein d\u2019\u00e9quipes conjointes dudit Minist\u00e8re ;<br \/><span class=\"c2\"><strong>\u2022<\/strong><\/span> L\u2019accompagnement des \u00e9quipes de distribution d\u2019aides financi\u00e8res ou en nature, aux n\u00e9cessiteux dans les zones rurales en leur assurant s\u00e9curit\u00e9 et transport;<br \/><span class=\"c2\"><strong>\u2022<\/strong><\/span> La cr\u00e9ation et la gestion de points de vente de produits de premi\u00e8re n\u00e9cessit\u00e9 pour les groupements d\u2019habitations dans les zones recul\u00e9es en cas d\u2019absence de points de vente civils;<br \/><span class=\"c2\"><strong>\u2022<\/strong><\/span> La distribution d\u2019aides financi\u00e8res ou d\u2019autres natures, aux familles n\u00e9cessiteuses toujours dans les zones recul\u00e9es.<\/p>\n<p><span class=\"c2\"><span class=\"c6\"><strong>Soutenir les autorit\u00e9s r\u00e9gionales et locales pour:<\/strong><\/span><\/span><\/p>\n<p class=\"c7\"><span class=\"c2\"><strong>\u2022<\/strong><\/span> La d\u00e9sinfection de structures, espaces publics et d\u2019attroupement de foule;<br \/><span class=\"c2\"><strong>\u2022<\/strong><\/span> La collecte et la distribution d\u2019aides aux n\u00e9cessiteux;<br \/><span class=\"c2\"><strong>\u2022<\/strong><\/span> Au besoin, accompagner les op\u00e9rations d\u2019enterrement des d\u00e9pouilles contamin\u00e9es par le covid-19 selon les normes fix\u00e9es;<br \/><span class=\"c2\"><strong>\u2022<\/strong><\/span> Effectuer toute autre mission dict\u00e9e par le d\u00e9veloppement de la situation et des besoins\u2026\u00a0\u00a0\u00a0\u00a0\u00a0<\/p>\n<p>Evidemment, en fonction de l\u2019\u00e9volution de la situation, en nature, l&rsquo;ampleur et l&rsquo;\u00e9tendue dans le temps et sur le territoire, d\u2019autres missions du m\u00eame type, peuvent \u00eatre d\u00e9volues aux formations mobilis\u00e9es et davantage de r\u00e9servistes pourraient \u00eatre graduellement rappel\u00e9s. Cependant, vu l\u2019\u00e9tendue de la pand\u00e9mie et de l\u2019action attendue de l\u2019Etat, pratiquement sur tout le territoire du pays, sans discontinuer pendant de nombreuses semaines, on peut ais\u00e9ment imaginer le volume du personnel requis pour ces interventions, plausiblement de nombreux milliers. Pr\u00e9lever ce volume sur les effectifs de l\u2019Arm\u00e9e active, risque fort d\u2019entamer sa capacit\u00e9 de faire face aux d\u00e9veloppements impr\u00e9visibles \u00e9ventuels des menaces et risques dans le cadre de sa mission constitutionnelle sp\u00e9cifique, la d\u00e9fense de l\u2019int\u00e9grit\u00e9 territoriale du pays, d\u2019o\u00f9 le besoin de recourir \u00e0 la mobilisation de la R\u00e9serve. Encore une fois, celle-ci, la r\u00e9serve, n\u2019est que l\u2019aboutissement d\u2019un Service National bien accept\u00e9 et assimil\u00e9 par la Nation parce que \u00ab\u00a0universel et \u00e9quitable\u00a0\u00bb.<\/p>\n<p><span class=\"c4\"><span class=\"c3\"><strong>Volontarisme, Soci\u00e9t\u00e9 Civile et interventions militaires?<\/strong><\/span><\/span><\/p>\n<p>A l\u2019occasion de la lutte anti-coronavirus en cours, la soci\u00e9t\u00e9 civile semble avoir combl\u00e9, ne serait-ce qu\u2019en partie, l\u2019espace d\u2019intervention qui, normalement, revenait \u00e0 l\u2019Arm\u00e9e. Cependant, les interventions de la soci\u00e9t\u00e9 civile, outre leur caract\u00e8re al\u00e9atoire, parce que par nature bas\u00e9es seulement sur le volontariat, elles restent limit\u00e9es par rapport \u00e0 celles de l\u2019Arm\u00e9e en moyens mat\u00e9riels et personnels, en qualifications et capacit\u00e9s d\u2019intervention particuli\u00e8rement dans les situations s\u00e9curitaires tendues et dans les zones recul\u00e9es. En tout cas, l\u2019Arm\u00e9e n\u2019a vocation \u00e0 concurrencer ni les institutions publiques ni les acteurs priv\u00e9s, ni la Soci\u00e9t\u00e9 Civile, elle intervient seulement quand tous ceux-l\u00e0, sont d\u00e9pass\u00e9s ou ne peuvent pas intervenir, donc pour les renforcer, compl\u00e9ter leurs actions ou pour des raisons s\u00e9curitaires ou autres, tout simplement combler un vide. Par nature et gr\u00e2ce \u00e0 sa r\u00e9serve, l\u2019Arm\u00e9e doit toujours pouvoir servir d\u2019ultime recours pour la nation.<\/p>\n<p><span class=\"c2\"><strong>Ainsi, au moment des crises graves et bien s\u00fbr en \u00e9tat de guerre, le pays doit pouvoir compter sur une Arm\u00e9e de R\u00e9serve,<\/strong> <span class=\"c5\">pour d\u2019abord renforcer les forces de combat en potentiel humain, et ensuite porter secours \u00e0 la population en renfor\u00e7ant l\u2019action des diff\u00e9rentes<\/span><\/span> <span class=\"c5\">institutions publiques et au besoin, aussi du secteur priv\u00e9.<\/span> <span class=\"c5\">Evidemment, une Arm\u00e9e de R\u00e9serve n\u2019est, par nature, que l\u2019aboutissement d\u2019un r\u00e9gime de conscription, donc d\u2019un service national \u00ab\u00a0universel et \u00e9quitable\u00a0\u00bb, effectif. Ce Service National, incontournable pour la d\u00e9fense du pays, offre aussi d\u2019innombrables opportunit\u00e9s, et pour les jeunes et pour la nation tout enti\u00e8re. Le rappel de la R\u00e9serve est, de sa part, le cadre de mobilisation organis\u00e9e de tr\u00e8s larges franges de comp\u00e9tences et forces actives de la Nation. Malheureusement, on en est loin, et cela ne s\u2019improvise pas, au contraire, \u00e7a se pr\u00e9pare bien \u00e0 l\u2019avance ! Pour y arriver, d\u2019abord une volont\u00e9 politique, une vision claire, ensuite un cadre juridique et une appropriation citoyenne du projet!<\/span><\/p>\n<p>-Que Dieu prot\u00e8ge la Tunisie-<\/p>\n<p class=\"c8\"><strong>G\u00e9n\u00e9ral (r) Mohamed Meddeb<\/strong><br \/><em>Arm\u00e9e Nationale<\/em><br \/>\u00a0<\/p>\n<p>Auteur:<br \/>\n<a href=\"https:\/\/www.leaders.com.tn\/article\/29611-pandemie-sur-fond-de-menaces-securitaires-persistantes-pourtant-pas-de-rappel-de-la-reserve\">Cliquez ici pour lire l&rsquo;article depuis sa source.<\/a><\/p>\n","protected":false},"excerpt":{"rendered":"<p>Par le G\u00e9n\u00e9ral (r) Mohamed Meddeb &#8211; Pression terroriste sans rel\u00e2che, ing\u00e9rences militaires \u00e9trang\u00e8res, contrebande et crimes organis\u00e9s, graves incidences de la crise libyenne, affermissement de nouvelles puissances r\u00e9gionales, retomb\u00e9es n\u00e9fastes d\u2019un chamboulement acc\u00e9l\u00e9r\u00e9 des rapports de forces, effritement continu de l\u2019ordre international; tels sont les traits saillants du contexte g\u00e9ostrat\u00e9gique de la r\u00e9gion m\u00e9diterran\u00e9enne, [&hellip;]<\/p>\n","protected":false},"author":1772,"featured_media":0,"comment_status":"closed","ping_status":"closed","sticky":false,"template":"","format":"standard","meta":{"fifu_image_url":"","fifu_image_alt":"","footnotes":""},"categories":[73,55],"tags":[],"class_list":["post-81523","post","type-post","status-publish","format-standard","hentry","category-actualite","category-tunisie"],"_links":{"self":[{"href":"https:\/\/linitiative.ca\/International\/wp-json\/wp\/v2\/posts\/81523","targetHints":{"allow":["GET"]}}],"collection":[{"href":"https:\/\/linitiative.ca\/International\/wp-json\/wp\/v2\/posts"}],"about":[{"href":"https:\/\/linitiative.ca\/International\/wp-json\/wp\/v2\/types\/post"}],"author":[{"embeddable":true,"href":"https:\/\/linitiative.ca\/International\/wp-json\/wp\/v2\/users\/1772"}],"replies":[{"embeddable":true,"href":"https:\/\/linitiative.ca\/International\/wp-json\/wp\/v2\/comments?post=81523"}],"version-history":[{"count":0,"href":"https:\/\/linitiative.ca\/International\/wp-json\/wp\/v2\/posts\/81523\/revisions"}],"wp:attachment":[{"href":"https:\/\/linitiative.ca\/International\/wp-json\/wp\/v2\/media?parent=81523"}],"wp:term":[{"taxonomy":"category","embeddable":true,"href":"https:\/\/linitiative.ca\/International\/wp-json\/wp\/v2\/categories?post=81523"},{"taxonomy":"post_tag","embeddable":true,"href":"https:\/\/linitiative.ca\/International\/wp-json\/wp\/v2\/tags?post=81523"}],"curies":[{"name":"wp","href":"https:\/\/api.w.org\/{rel}","templated":true}]}}