{"id":81525,"date":"2020-04-07T13:23:00","date_gmt":"2020-04-07T17:23:00","guid":{"rendered":"https:\/\/linitiative.ca\/International\/photo-du-jour-devinez-a-quoi-va-servir-tout-ce-pain\/"},"modified":"2020-04-07T13:23:00","modified_gmt":"2020-04-07T17:23:00","slug":"photo-du-jour-devinez-a-quoi-va-servir-tout-ce-pain","status":"publish","type":"post","link":"https:\/\/linitiative.ca\/International\/photo-du-jour-devinez-a-quoi-va-servir-tout-ce-pain\/","title":{"rendered":"Photo du jour : Devinez \u00e0 quoi va servir tout ce pain!"},"content":{"rendered":"<p>Famille nombreuse\u00a0? Difficile \u00e0 croire\u00a0! Pour les besoins d\u2019un restaurant\u00a0? Ils sont tous ferm\u00e9s. Epicier\u00a0? Le boulanger vous livre\u00a0! Une course pour tous les voisins\u00a0? Esp\u00e9rons-le\u00a0! La ru\u00e9e sur le pain se poursuit, pour se terminer avec un grand g\u00e2chis comme le montrent les poubelles.<\/p>\n<p class=\"c2\"><img decoding=\"async\" src=\"\/uploads\/FCK_files\/D643384.jpg\" alt=\"\" width=\"100%\" vspace=\"5\" hspace=\"5\" align=\"middle\"\/><\/p>\n<p>La m\u00eame ru\u00e9e s\u2019exerce sur d\u2019autres produits\u00a0: le lait, la semoule, la farine\u2026 Le rationnement de certains produits (deux briques de lait par achat, un kilo de farine ou de semoule, etc.) pratiqu\u00e9 par des \u00e9piceries et nombre d&rsquo;enseignes attisent les achats fr\u00e9n\u00e9tiques.\u00a0Il entend certes les \u00e9viter, mais en fait, il vous oblige \u00e0 prolonger votre sortie pour aller tenter votre chance dans un autre point de vente, et revenir le lendemain. Contre-productif.<\/p>\n<p><strong>Lire aussi<\/strong><\/p>\n<p><a href=\"https:\/\/www.leaders.com.tn\/article\/29615-scenes-de-vie-quotidiennes-sous-le-confinement-light-album-photos\" target=\"_blank\" rel=\"noopener noreferrer\">Sc\u00e8nes de vie quotidiennes sous le confinement light (Album photos)<\/a><br \/>\u00a0<\/p>\n<p>Auteur:<br \/>\n<a href=\"https:\/\/www.leaders.com.tn\/article\/29613-photo-du-jour-devinez-a-quoi-va-servir-tout-ce-pain\">Cliquez ici pour lire l&rsquo;article depuis sa source.<\/a><\/p>\n","protected":false},"excerpt":{"rendered":"<p>Famille nombreuse\u00a0? Difficile \u00e0 croire\u00a0! Pour les besoins d\u2019un restaurant\u00a0? Ils sont tous ferm\u00e9s. Epicier\u00a0? Le boulanger vous livre\u00a0! Une course pour tous les voisins\u00a0? Esp\u00e9rons-le\u00a0! La ru\u00e9e sur le pain se poursuit, pour se terminer avec un grand g\u00e2chis comme le montrent les poubelles. La m\u00eame ru\u00e9e s\u2019exerce sur d\u2019autres produits\u00a0: le lait, la [&hellip;]<\/p>\n","protected":false},"author":1772,"featured_media":81526,"comment_status":"closed","ping_status":"closed","sticky":false,"template":"","format":"standard","meta":{"fifu_image_url":"","fifu_image_alt":"","footnotes":""},"categories":[73,55],"tags":[],"class_list":["post-81525","post","type-post","status-publish","format-standard","has-post-thumbnail","hentry","category-actualite","category-tunisie"],"_links":{"self":[{"href":"https:\/\/linitiative.ca\/International\/wp-json\/wp\/v2\/posts\/81525","targetHints":{"allow":["GET"]}}],"collection":[{"href":"https:\/\/linitiative.ca\/International\/wp-json\/wp\/v2\/posts"}],"about":[{"href":"https:\/\/linitiative.ca\/International\/wp-json\/wp\/v2\/types\/post"}],"author":[{"embeddable":true,"href":"https:\/\/linitiative.ca\/International\/wp-json\/wp\/v2\/users\/1772"}],"replies":[{"embeddable":true,"href":"https:\/\/linitiative.ca\/International\/wp-json\/wp\/v2\/comments?post=81525"}],"version-history":[{"count":0,"href":"https:\/\/linitiative.ca\/International\/wp-json\/wp\/v2\/posts\/81525\/revisions"}],"wp:featuredmedia":[{"embeddable":true,"href":"https:\/\/linitiative.ca\/International\/wp-json\/"}],"wp:attachment":[{"href":"https:\/\/linitiative.ca\/International\/wp-json\/wp\/v2\/media?parent=81525"}],"wp:term":[{"taxonomy":"category","embeddable":true,"href":"https:\/\/linitiative.ca\/International\/wp-json\/wp\/v2\/categories?post=81525"},{"taxonomy":"post_tag","embeddable":true,"href":"https:\/\/linitiative.ca\/International\/wp-json\/wp\/v2\/tags?post=81525"}],"curies":[{"name":"wp","href":"https:\/\/api.w.org\/{rel}","templated":true}]}}