{"id":81532,"date":"2020-04-07T14:34:03","date_gmt":"2020-04-07T18:34:03","guid":{"rendered":"https:\/\/linitiative.ca\/International\/gouvernement-othman-el-ferdaous-fait-son-come-back\/"},"modified":"2020-04-07T14:34:03","modified_gmt":"2020-04-07T18:34:03","slug":"gouvernement-othman-el-ferdaous-fait-son-come-back","status":"publish","type":"post","link":"https:\/\/linitiative.ca\/International\/gouvernement-othman-el-ferdaous-fait-son-come-back\/","title":{"rendered":"Gouvernement : Othman El Ferdaous fait son come-back"},"content":{"rendered":"<p><strong>Il faisait partie du premier gouvernement El Otmani.<\/strong><\/p>\n<div class=\"c10\"\/>\n<p>SM le roi Mohammed VI a re\u00e7u ce mardi 7 avril 2020 au palais royal de Casablanca Othman El Ferdaous qu\u2019il a nomm\u00e9, conform\u00e9ment aux dispositions de l\u2019article 47 de la Constitution et sur proposition du Chef du gouvernement, ministre de la Culture, de la Jeunesse et des Sports. Il remplace El Hassan Abyaba.<\/p>\n<p>SM le roi a \u00e9galement re\u00e7u Saa\u00efd Amzazi, ministre de l\u2019\u00c9ducation nationale, de la Formation professionnelle, de l\u2019Enseignement sup\u00e9rieur et de la Recherche scientifique. Il l\u2019a charg\u00e9 des fonctions de porte-parole du gouvernement.<\/p>\n<p>Pour rappel, Othman El Ferdaous \u00e9tait le secr\u00e9taire d\u2019Etat charg\u00e9 de l\u2019Investissement aupr\u00e8s du minist\u00e8re de l\u2019Industrie, du Commerce et de l\u2019Economie num\u00e9rique. Nomm\u00e9 en avril 2017, il avait quitt\u00e9 le gouvernement lors du remaniement d\u2019octobre 2019. Il est affili\u00e9 \u00e0 l\u2019Union Constitutionnelle.<\/p>\n<div class=\"c17\">\n<fieldset class=\"c16\">\n<legend><strong><span class=\"c11\">Challenge<\/span><span class=\"c12\">news<\/span><\/strong><\/legend>\n<div class=\"c15\">Le meilleur de Challenge s\u00e9lectionn\u00e9 par la r\u00e9daction :<\/p>\n<\/div>\n<\/fieldset>\n<\/div>\n<p>Auteur: Karim Handaoui<br \/>\n<a href=\"https:\/\/www.challenge.ma\/gouvernement-othman-el-ferdaous-fait-son-come-back-136370\/\">Cliquez ici pour lire l&rsquo;article depuis sa source.<\/a><\/p>\n","protected":false},"excerpt":{"rendered":"<p>Il faisait partie du premier gouvernement El Otmani. SM le roi Mohammed VI a re\u00e7u ce mardi 7 avril 2020 au palais royal de Casablanca Othman El Ferdaous qu\u2019il a nomm\u00e9, conform\u00e9ment aux dispositions de l\u2019article 47 de la Constitution et sur proposition du Chef du gouvernement, ministre de la Culture, de la Jeunesse et [&hellip;]<\/p>\n","protected":false},"author":1787,"featured_media":0,"comment_status":"closed","ping_status":"closed","sticky":false,"template":"","format":"standard","meta":{"fifu_image_url":"","fifu_image_alt":"","footnotes":""},"categories":[78,54],"tags":[],"class_list":["post-81532","post","type-post","status-publish","format-standard","hentry","category-economie","category-maroc"],"_links":{"self":[{"href":"https:\/\/linitiative.ca\/International\/wp-json\/wp\/v2\/posts\/81532","targetHints":{"allow":["GET"]}}],"collection":[{"href":"https:\/\/linitiative.ca\/International\/wp-json\/wp\/v2\/posts"}],"about":[{"href":"https:\/\/linitiative.ca\/International\/wp-json\/wp\/v2\/types\/post"}],"author":[{"embeddable":true,"href":"https:\/\/linitiative.ca\/International\/wp-json\/wp\/v2\/users\/1787"}],"replies":[{"embeddable":true,"href":"https:\/\/linitiative.ca\/International\/wp-json\/wp\/v2\/comments?post=81532"}],"version-history":[{"count":0,"href":"https:\/\/linitiative.ca\/International\/wp-json\/wp\/v2\/posts\/81532\/revisions"}],"wp:attachment":[{"href":"https:\/\/linitiative.ca\/International\/wp-json\/wp\/v2\/media?parent=81532"}],"wp:term":[{"taxonomy":"category","embeddable":true,"href":"https:\/\/linitiative.ca\/International\/wp-json\/wp\/v2\/categories?post=81532"},{"taxonomy":"post_tag","embeddable":true,"href":"https:\/\/linitiative.ca\/International\/wp-json\/wp\/v2\/tags?post=81532"}],"curies":[{"name":"wp","href":"https:\/\/api.w.org\/{rel}","templated":true}]}}