{"id":81534,"date":"2020-04-07T16:50:52","date_gmt":"2020-04-07T20:50:52","guid":{"rendered":"https:\/\/linitiative.ca\/International\/coronavirus-500-respirateurs-100-marocains-prets-la-semaine-prochaine\/"},"modified":"2020-04-07T16:50:52","modified_gmt":"2020-04-07T20:50:52","slug":"coronavirus-500-respirateurs-100-marocains-prets-la-semaine-prochaine","status":"publish","type":"post","link":"https:\/\/linitiative.ca\/International\/coronavirus-500-respirateurs-100-marocains-prets-la-semaine-prochaine\/","title":{"rendered":"Coronavirus : 500 respirateurs 100% marocains pr\u00eats la semaine prochaine"},"content":{"rendered":"<p><strong>L\u2019usine de la soci\u00e9t\u00e9 d\u2019\u00e9tude et de r\u00e9alisations m\u00e9caniques de pr\u00e9cision (SERMP) a \u00e9t\u00e9 r\u00e9organis\u00e9e pour contribuer \u00e0 la fabrication de respirateurs artificiels 100% marocains, destin\u00e9s aux malades atteints du nouveau coronavirus (Covid-19). 20 unit\u00e9s ont \u00e9t\u00e9 assembl\u00e9es aujourd\u2019hui.<\/strong><\/p>\n<div class=\"c10\"\/>\n<p>Dans cette usine a\u00e9ronautique, les ing\u00e9nieurs se sont mobilis\u00e9s et tout l\u2019ensemble de l\u2019\u00e9cosyst\u00e8me a \u00e9t\u00e9 mis en place \u00ab\u00a0tr\u00e8s rapidement\u00a0\u00bb pour la fabrication de ce respirateur marocain, a soulign\u00e9 le ministre de l\u2019Industrie, du Commerce et de l\u2019Economie verte et num\u00e9rique, Moulay Hafid Elalamy.<\/p>\n<p>\u00ab\u00a0Nous sommes d\u00e9j\u00e0 \u00e0 la deuxi\u00e8me version qui permet, en plus d\u2019apporter une ventilation, d\u2019avoir des capteurs et d\u2019envoyer l\u2019oxyg\u00e8ne de fa\u00e7on plus technique\u00a0\u00bb, a relev\u00e9 le ministre. Il a salu\u00e9 la contribution de toutes les parties prenantes chacune dans son domaine pour permettre la r\u00e9alisation des 500 premiers respirateurs qui seront pr\u00eats la semaine prochaine.<\/p>\n<p>De son c\u00f4t\u00e9, Badre Jaafar, directeur de la SERMP, a fait savoir que ces respirateurs sont fabriqu\u00e9s conform\u00e9ment \u00e0 des normes a\u00e9ronautiques de hauts standards. Ce produit, a-t-il poursuivi, a suivi le process de fabrication des pi\u00e8ces qui vont sur les moteurs d\u2019avions d\u2019Airbus et de Boeing. \u00ab\u00a0La conception de ce respirateur est totalement marocaine, de la fabrication du moteur r\u00e9ducteur, aux cartes \u00e9lectroniques, aux autres pi\u00e8ces m\u00e9caniques, jusqu\u2019\u00e0 l\u2019assemblage\u00a0\u00bb, a fait remarquer Badre Jaafar.<\/p>\n<p>Lire aussi : <a href=\"https:\/\/www.challenge.ma\/ce-que-vous-devez-savoir-sur-le-coronavirus-134568\/\" target=\"_blank\" rel=\"noreferrer noopener\" aria-label=\" (s&#x2019;ouvre dans un nouvel onglet)\">Ce que vous devez savoir sur le coronavirus<\/a><\/p>\n<p>Cet appareil est le fruit des efforts de plusieurs comp\u00e9tences marocaines relevant de l\u2019Universit\u00e9 Mohammed VI Polytechnique (UM6P), du minist\u00e8re de l\u2019Industrie, du Groupement des industries marocaines a\u00e9ronautiques et spatiales (GIMAS), de l\u2019Institut national des postes et t\u00e9l\u00e9communications (INPT), du Centre marocain pour la science, l\u2019innovation et la recherche (MAScIR), de l\u2019Agence nationale de r\u00e9gulation des t\u00e9l\u00e9communications, du P\u00f4le d\u2019innovation \u00e9lectronique et de l\u2019Aviarail-Pillioty-SERMP.<\/p>\n<p>Avec MAP<\/p>\n<div class=\"c17\">\n<fieldset class=\"c16\">\n<legend><strong><span class=\"c11\">Challenge<\/span><span class=\"c12\">news<\/span><\/strong><\/legend>\n<div class=\"c15\">Le meilleur de Challenge s\u00e9lectionn\u00e9 par la r\u00e9daction :<\/p>\n<\/div>\n<\/fieldset>\n<\/div>\n<p>Auteur: Karim Handaoui<br \/>\n<a href=\"https:\/\/www.challenge.ma\/coronavirus-500-respirateurs-100-marocains-prets-la-semaine-prochaine-136386\/\">Cliquez ici pour lire l&rsquo;article depuis sa source.<\/a><\/p>\n","protected":false},"excerpt":{"rendered":"<p>L\u2019usine de la soci\u00e9t\u00e9 d\u2019\u00e9tude et de r\u00e9alisations m\u00e9caniques de pr\u00e9cision (SERMP) a \u00e9t\u00e9 r\u00e9organis\u00e9e pour contribuer \u00e0 la fabrication de respirateurs artificiels 100% marocains, destin\u00e9s aux malades atteints du nouveau coronavirus (Covid-19). 20 unit\u00e9s ont \u00e9t\u00e9 assembl\u00e9es aujourd\u2019hui. Dans cette usine a\u00e9ronautique, les ing\u00e9nieurs se sont mobilis\u00e9s et tout l\u2019ensemble de l\u2019\u00e9cosyst\u00e8me a \u00e9t\u00e9 [&hellip;]<\/p>\n","protected":false},"author":1787,"featured_media":0,"comment_status":"closed","ping_status":"closed","sticky":false,"template":"","format":"standard","meta":{"fifu_image_url":"","fifu_image_alt":"","footnotes":""},"categories":[78,54],"tags":[],"class_list":["post-81534","post","type-post","status-publish","format-standard","hentry","category-economie","category-maroc"],"_links":{"self":[{"href":"https:\/\/linitiative.ca\/International\/wp-json\/wp\/v2\/posts\/81534","targetHints":{"allow":["GET"]}}],"collection":[{"href":"https:\/\/linitiative.ca\/International\/wp-json\/wp\/v2\/posts"}],"about":[{"href":"https:\/\/linitiative.ca\/International\/wp-json\/wp\/v2\/types\/post"}],"author":[{"embeddable":true,"href":"https:\/\/linitiative.ca\/International\/wp-json\/wp\/v2\/users\/1787"}],"replies":[{"embeddable":true,"href":"https:\/\/linitiative.ca\/International\/wp-json\/wp\/v2\/comments?post=81534"}],"version-history":[{"count":0,"href":"https:\/\/linitiative.ca\/International\/wp-json\/wp\/v2\/posts\/81534\/revisions"}],"wp:attachment":[{"href":"https:\/\/linitiative.ca\/International\/wp-json\/wp\/v2\/media?parent=81534"}],"wp:term":[{"taxonomy":"category","embeddable":true,"href":"https:\/\/linitiative.ca\/International\/wp-json\/wp\/v2\/categories?post=81534"},{"taxonomy":"post_tag","embeddable":true,"href":"https:\/\/linitiative.ca\/International\/wp-json\/wp\/v2\/tags?post=81534"}],"curies":[{"name":"wp","href":"https:\/\/api.w.org\/{rel}","templated":true}]}}