{"id":81535,"date":"2020-04-07T16:53:40","date_gmt":"2020-04-07T20:53:40","guid":{"rendered":"https:\/\/linitiative.ca\/International\/tunisie-25-malades-gueris-du-coronavirus\/"},"modified":"2020-04-07T16:53:40","modified_gmt":"2020-04-07T20:53:40","slug":"tunisie-25-malades-gueris-du-coronavirus","status":"publish","type":"post","link":"https:\/\/linitiative.ca\/International\/tunisie-25-malades-gueris-du-coronavirus\/","title":{"rendered":"Tunisie \u2013 25 malades gu\u00e9ris du coronavirus"},"content":{"rendered":"<div class=\"post-cont-in left relative\">\n<p>Le site covid-19.tn a publi\u00e9 un \u00e9tat des chiffres de l\u2019\u00e9pid\u00e9mie du <a href=\"https:\/\/www.tunisienumerique.com\/tunisie-actualite\/coronavirus\/\" title=\"Coronavirus\" target=\"_top\" class=\"auto-link\" rel=\"noopener noreferrer\">Coronavirus<\/a> en Tunisie.<\/p>\n<div class=\"code-block code-block-1 c3\"><ins class=\"adsbygoogle c2\" data-ad-layout=\"in-article\" data-ad-format=\"fluid\" data-ad-client=\"ca-pub-2102118777505746\" data-ad-slot=\"7301775417\"\/> <\/div>\n<p>Un chiffre qui m\u00e9ritait d\u2019\u00eatre m\u00e9diatis\u00e9 mais que les autorit\u00e9s n\u2019ont, malheureusement pas jug\u00e9 important, est le nombre de malades gu\u00e9ris qui monte ce mardi \u00e0 25 gu\u00e9risons.<\/p>\n<p><img loading=\"lazy\" decoding=\"async\" class=\"aligncenter wp-image-510479\" src=\"https:\/\/www.tunisienumerique.com\/wp-content\/uploads\/2020\/04\/gurisons.jpg\" alt=\"\" width=\"584\" height=\"584\" srcset=\"https:\/\/www.tunisienumerique.com\/wp-content\/uploads\/2020\/04\/gurisons.jpg 960w, https:\/\/www.tunisienumerique.com\/wp-content\/uploads\/2020\/04\/gurisons-768x768.jpg 768w, https:\/\/www.tunisienumerique.com\/wp-content\/uploads\/2020\/04\/gurisons-80x80.jpg 80w\" sizes=\"auto, (max-width: 584px) 100vw, 584px\"\/><\/p>\n<div class=\"swp_social_panel swp_horizontal_panel swp_flat_fresh swp_default_full_color swp_individual_full_color swp_other_full_color scale-100 scale-\" data-min-width=\"1100\" data-float-color=\"#ffffff\" data-float=\"bottom\" data-float-mobile=\"bottom\" data-transition=\"slide\">\n<div class=\"nc_tweetContainer swp_share_button total_shares total_sharesalt\"><span class=\"swp_count\">10 <span class=\"swp_label\">Partages<\/span><\/span><\/div>\n<\/div>\n<p><strong>Que se passe-t-il en Tunisie?<\/strong><br \/>Nous expliquons sur notre <a href=\"https:\/\/www.youtube.com\/channel\/UCRzypVq0B_yBad5eGrwBx0Q?sub_confirmation=1\" target=\"_blank\" rel=\"noopener noreferrer\">cha\u00eene YouTube<\/a> . <a href=\"https:\/\/www.youtube.com\/channel\/UCRzypVq0B_yBad5eGrwBx0Q?sub_confirmation=1\" target=\"_blank\" rel=\"noopener noreferrer\">Abonnez-vous!<\/a><\/p>\n<div class=\"mvp-org-wrap mvp-org-logo\" itemprop=\"publisher\" itemscope=\"\" itemtype=\"https:\/\/schema.org\/Organization\"><img decoding=\"async\" src=\"https:\/\/www.tunisienumerique.com\/wp-content\/uploads\/2017\/02\/logo_tunisie_numerique.png\"\/><\/div>\n<div class=\"mvp-related-posts left relative\">\n<h4 class=\"post-header\"><span class=\"post-header\">Lire aussi<\/span><\/h4>\n<\/div>\n<div id=\"article-ad\"><ins class=\"adsbygoogle c4\" data-ad-client=\"ca-pub-2102118777505746\" data-ad-slot=\"6513972734\" data-ad-format=\"auto\" data-full-width-responsive=\"true\"\/> <\/div>\n<\/div>\n<div id=\"post-sidebar-wrap\"><ins class=\"adsbygoogle c4\" data-ad-client=\"ca-pub-2102118777505746\" data-ad-slot=\"6168283410\" data-ad-format=\"auto\" data-full-width-responsive=\"true\"\/> <\/div>\n<p>Auteur: LM<br \/>\n<a href=\"https:\/\/www.tunisienumerique.com\/tunisie-25-malades-gueris-du-coronavirus\/\">Cliquez ici pour lire l&rsquo;article depuis sa source.<\/a><\/p>\n","protected":false},"excerpt":{"rendered":"<p>Le site covid-19.tn a publi\u00e9 un \u00e9tat des chiffres de l\u2019\u00e9pid\u00e9mie du Coronavirus en Tunisie. Un chiffre qui m\u00e9ritait d\u2019\u00eatre m\u00e9diatis\u00e9 mais que les autorit\u00e9s n\u2019ont, malheureusement pas jug\u00e9 important, est le nombre de malades gu\u00e9ris qui monte ce mardi \u00e0 25 gu\u00e9risons. 10 Partages Que se passe-t-il en Tunisie?Nous expliquons sur notre cha\u00eene YouTube [&hellip;]<\/p>\n","protected":false},"author":1789,"featured_media":81536,"comment_status":"closed","ping_status":"closed","sticky":false,"template":"","format":"standard","meta":{"fifu_image_url":"","fifu_image_alt":"","footnotes":""},"categories":[73,55],"tags":[],"class_list":["post-81535","post","type-post","status-publish","format-standard","has-post-thumbnail","hentry","category-actualite","category-tunisie"],"_links":{"self":[{"href":"https:\/\/linitiative.ca\/International\/wp-json\/wp\/v2\/posts\/81535","targetHints":{"allow":["GET"]}}],"collection":[{"href":"https:\/\/linitiative.ca\/International\/wp-json\/wp\/v2\/posts"}],"about":[{"href":"https:\/\/linitiative.ca\/International\/wp-json\/wp\/v2\/types\/post"}],"author":[{"embeddable":true,"href":"https:\/\/linitiative.ca\/International\/wp-json\/wp\/v2\/users\/1789"}],"replies":[{"embeddable":true,"href":"https:\/\/linitiative.ca\/International\/wp-json\/wp\/v2\/comments?post=81535"}],"version-history":[{"count":0,"href":"https:\/\/linitiative.ca\/International\/wp-json\/wp\/v2\/posts\/81535\/revisions"}],"wp:featuredmedia":[{"embeddable":true,"href":"https:\/\/linitiative.ca\/International\/wp-json\/"}],"wp:attachment":[{"href":"https:\/\/linitiative.ca\/International\/wp-json\/wp\/v2\/media?parent=81535"}],"wp:term":[{"taxonomy":"category","embeddable":true,"href":"https:\/\/linitiative.ca\/International\/wp-json\/wp\/v2\/categories?post=81535"},{"taxonomy":"post_tag","embeddable":true,"href":"https:\/\/linitiative.ca\/International\/wp-json\/wp\/v2\/tags?post=81535"}],"curies":[{"name":"wp","href":"https:\/\/api.w.org\/{rel}","templated":true}]}}