{"id":81539,"date":"2020-04-07T17:04:58","date_gmt":"2020-04-07T21:04:58","guid":{"rendered":"https:\/\/linitiative.ca\/International\/tunisie-le-ministere-des-affaires-sociales-reconnait-avoir-distribue-des-aides-sociales-a-des-personnes-qui-ne-les-meritaient-pas\/"},"modified":"2020-04-07T17:04:58","modified_gmt":"2020-04-07T21:04:58","slug":"tunisie-le-ministere-des-affaires-sociales-reconnait-avoir-distribue-des-aides-sociales-a-des-personnes-qui-ne-les-meritaient-pas","status":"publish","type":"post","link":"https:\/\/linitiative.ca\/International\/tunisie-le-ministere-des-affaires-sociales-reconnait-avoir-distribue-des-aides-sociales-a-des-personnes-qui-ne-les-meritaient-pas\/","title":{"rendered":"Tunisie \u2013 Le minist\u00e8re des affaires sociales reconnait avoir distribu\u00e9 des aides sociales \u00e0 des personnes qui ne les m\u00e9ritaient pas"},"content":{"rendered":"<div class=\"post-cont-in left relative\">\n<p>Le directeur g\u00e9n\u00e9ral au minist\u00e8re des Affaires sociales, Sami Belghith a reconnu, ce mardi, que le minist\u00e8re a accord\u00e9 des aides sociales \u00e0 des individus qui ne les m\u00e9ritaient pas et qui n\u2019\u00e9taient pas dans le besoin.<\/p>\n<div class=\"code-block code-block-1 c3\"><ins class=\"adsbygoogle c2\" data-ad-layout=\"in-article\" data-ad-format=\"fluid\" data-ad-client=\"ca-pub-2102118777505746\" data-ad-slot=\"7301775417\"\/> <\/div>\n<p>Il a ajout\u00e9 que le minist\u00e8re \u0153uvre \u00e0 diminuer la marge d\u2019erreur dans ce genre d\u2019op\u00e9rations et a assur\u00e9 que ceux qui ont re\u00e7u des aides non m\u00e9rit\u00e9es seront pri\u00e9es de les restituer.<\/p>\n<div class=\"swp_social_panel swp_horizontal_panel swp_flat_fresh swp_default_full_color swp_individual_full_color swp_other_full_color scale-100 scale-\" data-min-width=\"1100\" data-float-color=\"#ffffff\" data-float=\"bottom\" data-float-mobile=\"bottom\" data-transition=\"slide\">\n<div class=\"nc_tweetContainer swp_share_button total_shares total_sharesalt\"><span class=\"swp_count\">9 <span class=\"swp_label\">Partages<\/span><\/span><\/div>\n<\/div>\n<p><strong>Que se passe-t-il en Tunisie?<\/strong><br \/>Nous expliquons sur notre <a href=\"https:\/\/www.youtube.com\/channel\/UCRzypVq0B_yBad5eGrwBx0Q?sub_confirmation=1\" target=\"_blank\" rel=\"noopener noreferrer\">cha\u00eene YouTube<\/a> . <a href=\"https:\/\/www.youtube.com\/channel\/UCRzypVq0B_yBad5eGrwBx0Q?sub_confirmation=1\" target=\"_blank\" rel=\"noopener noreferrer\">Abonnez-vous!<\/a><\/p>\n<div class=\"mvp-org-wrap mvp-org-logo\" itemprop=\"publisher\" itemscope=\"\" itemtype=\"https:\/\/schema.org\/Organization\"><img decoding=\"async\" src=\"https:\/\/www.tunisienumerique.com\/wp-content\/uploads\/2017\/02\/logo_tunisie_numerique.png\"\/><\/div>\n<div class=\"mvp-related-posts left relative\">\n<h4 class=\"post-header\"><span class=\"post-header\">Lire aussi<\/span><\/h4>\n<\/div>\n<div id=\"article-ad\"><ins class=\"adsbygoogle c4\" data-ad-client=\"ca-pub-2102118777505746\" data-ad-slot=\"6513972734\" data-ad-format=\"auto\" data-full-width-responsive=\"true\"\/> <\/div>\n<\/div>\n<div id=\"post-sidebar-wrap\"><ins class=\"adsbygoogle c4\" data-ad-client=\"ca-pub-2102118777505746\" data-ad-slot=\"6168283410\" data-ad-format=\"auto\" data-full-width-responsive=\"true\"\/> <\/div>\n<p>Auteur: LM<br \/>\n<a href=\"https:\/\/www.tunisienumerique.com\/tunisie-le-ministere-des-affaires-sociales-reconnait-avoir-distribue-des-aides-sociales-a-des-personnes-qui-ne-les-meritaient-pas\/\">Cliquez ici pour lire l&rsquo;article depuis sa source.<\/a><\/p>\n","protected":false},"excerpt":{"rendered":"<p>Le directeur g\u00e9n\u00e9ral au minist\u00e8re des Affaires sociales, Sami Belghith a reconnu, ce mardi, que le minist\u00e8re a accord\u00e9 des aides sociales \u00e0 des individus qui ne les m\u00e9ritaient pas et qui n\u2019\u00e9taient pas dans le besoin. Il a ajout\u00e9 que le minist\u00e8re \u0153uvre \u00e0 diminuer la marge d\u2019erreur dans ce genre d\u2019op\u00e9rations et a [&hellip;]<\/p>\n","protected":false},"author":1789,"featured_media":81540,"comment_status":"closed","ping_status":"closed","sticky":false,"template":"","format":"standard","meta":{"fifu_image_url":"","fifu_image_alt":"","footnotes":""},"categories":[73,55],"tags":[],"class_list":["post-81539","post","type-post","status-publish","format-standard","has-post-thumbnail","hentry","category-actualite","category-tunisie"],"_links":{"self":[{"href":"https:\/\/linitiative.ca\/International\/wp-json\/wp\/v2\/posts\/81539","targetHints":{"allow":["GET"]}}],"collection":[{"href":"https:\/\/linitiative.ca\/International\/wp-json\/wp\/v2\/posts"}],"about":[{"href":"https:\/\/linitiative.ca\/International\/wp-json\/wp\/v2\/types\/post"}],"author":[{"embeddable":true,"href":"https:\/\/linitiative.ca\/International\/wp-json\/wp\/v2\/users\/1789"}],"replies":[{"embeddable":true,"href":"https:\/\/linitiative.ca\/International\/wp-json\/wp\/v2\/comments?post=81539"}],"version-history":[{"count":0,"href":"https:\/\/linitiative.ca\/International\/wp-json\/wp\/v2\/posts\/81539\/revisions"}],"wp:featuredmedia":[{"embeddable":true,"href":"https:\/\/linitiative.ca\/International\/wp-json\/"}],"wp:attachment":[{"href":"https:\/\/linitiative.ca\/International\/wp-json\/wp\/v2\/media?parent=81539"}],"wp:term":[{"taxonomy":"category","embeddable":true,"href":"https:\/\/linitiative.ca\/International\/wp-json\/wp\/v2\/categories?post=81539"},{"taxonomy":"post_tag","embeddable":true,"href":"https:\/\/linitiative.ca\/International\/wp-json\/wp\/v2\/tags?post=81539"}],"curies":[{"name":"wp","href":"https:\/\/api.w.org\/{rel}","templated":true}]}}