{"id":81541,"date":"2020-04-07T17:10:39","date_gmt":"2020-04-07T21:10:39","guid":{"rendered":"https:\/\/linitiative.ca\/International\/par-khelil-lajimi-lapres-recession\/"},"modified":"2020-04-07T17:10:39","modified_gmt":"2020-04-07T21:10:39","slug":"par-khelil-lajimi-lapres-recession","status":"publish","type":"post","link":"https:\/\/linitiative.ca\/International\/par-khelil-lajimi-lapres-recession\/","title":{"rendered":"Par Khelil Lajimi :\u00a0L\u2019apr\u00e8s r\u00e9cession"},"content":{"rendered":"<div class=\"post-cont-in left relative\">\n<p>La r\u00e9cession suit un sch\u00e9ma classique que les \u00e9conomistes ma\u00eetrisent parfaitement. G\u00e9n\u00e9ralement, elle est d\u00e9clench\u00e9e par l\u2019\u00e9clatement d\u2019une bulle sp\u00e9culative ou bien \u00e0 la suite d\u2019un choc de l\u2019offre comme en 1973 o\u00f9 les prix du p\u00e9trole ont quadrupl\u00e9.<\/p>\n<div class=\"code-block code-block-1 c3\"><ins class=\"adsbygoogle c2\" data-ad-layout=\"in-article\" data-ad-format=\"fluid\" data-ad-client=\"ca-pub-2102118777505746\" data-ad-slot=\"7301775417\"\/> <\/div>\n<p>Cette fois, c\u2019est une nouvelle forme de r\u00e9cession jamais vue auparavant : il s\u2019agit d\u2019une d\u00e9pression li\u00e9e au confinement d\u00fb \u00e0 la crise sanitaire du Covid-19. Au d\u00e9but, le confinement en Chine a rompu plusieurs chaines d\u2019approvisionnement avec le reste du monde. L\u2019interp\u00e9n\u00e9tration des \u00e9conomies entre elles a fortement perturb\u00e9 la production mondiale. Avec le d\u00e9placement de la crise sanitaire d\u2019Asie vers l\u2019Europe et l\u2019Am\u00e9rique du nord, le confinement a aussi bloqu\u00e9 les \u00e9conomies occidentales. Les \u00e9conomistes \u00e9tudieront cette r\u00e9cession 2020 une fois la p\u00e9riode de la crise d\u00e9pass\u00e9e.<\/p>\n<p>Donc aujourd\u2019hui le confinement g\u00e9n\u00e9ralis\u00e9 (la moiti\u00e9 de la population mondiale) provoquera in\u00e9luctablement une baisse significative des PIB. De combien ? Personne ne peut l\u2019\u00e9valuer aujourd\u2019hui et les estimations des conjoncturistes \u00e9voluent chaque jour. Ce qui est \u00e9vident c\u2019est que l\u2019ampleur de la r\u00e9cession est corr\u00e9l\u00e9e \u00e0 la dur\u00e9e du confinement.<\/p>\n<p>La consommation a \u00e9t\u00e9 stopp\u00e9e nette pour certains biens et services. Je pense aux produits de consommation courante hors alimentation, les magasins \u00e9tant ferm\u00e9s ; je songe au transport a\u00e9rien, les avions \u00e9tant clou\u00e9s au sol ; j\u2019\u00e9voque le tourisme, les h\u00f4tels \u00e9tant vides. A part l\u2019agroalimentaire, les produits pharmaceutiques, les \u00e9quipements m\u00e9dicaux et certains services marchands, aucune activit\u00e9 n\u2019a \u00e9t\u00e9 \u00e9pargn\u00e9e. Il demeure entendu que les services publics et certaines administrations continuent de fonctionner.<\/p>\n<p>La fin de la r\u00e9cession correspondra \u00e0 la fin de la crise sanitaire et \u00e0 la lev\u00e9e du confinement. Les \u00e9pid\u00e9miologistes estiment que les pics \u00e9pid\u00e9miques dans notre r\u00e9gion, l\u2019euro m\u00e9diterran\u00e9e, sont proches. Nous atteindrions les phases descendantes de l\u2019\u00e9pid\u00e9mie dans quelques semaines tout au plus. En tout cas, cette premi\u00e8re vague touche \u00e0 sa fin. Esp\u00e9rons que la seconde vague, que les m\u00eames experts pr\u00e9voient pour la fin de l\u2019automne prochain, arrivera quand nous aurons une meilleure ma\u00eetrise de la prise en charge de l\u2019\u00e9pid\u00e9mie par un d\u00e9pistage syst\u00e9matique et un port du masque g\u00e9n\u00e9ralis\u00e9, ou mieux encore avec un vaccin disponible.<\/p>\n<p>A la fin de la premi\u00e8re vague le rebond sera consid\u00e9rable. Les consommateurs se l\u00e2cheront. C\u2019est attendu. Apr\u00e8s une p\u00e9riode de privation, confinement oblige, l\u2019activit\u00e9 \u00e9conomique d\u00e9collera \u00e0 la verticale ! Le PIB conna\u00eetra une augmentation jamais enregistr\u00e9e auparavant. Si les capacit\u00e9s de production ne seront pas en ad\u00e9quation avec la demande, ce sera la surchauffe et l\u2019ajustement se fera par les prix qui exploseront. D\u2019habitude, \u00e0 la sortie d\u2019une r\u00e9cession classique l\u2019activit\u00e9 reprend doucement. Parfois m\u00eame, elle connait une rechute, c\u2019est la r\u00e9cession en W. Mais nous n\u2019en sommes pas l\u00e0.<\/p>\n<p>Aujourd\u2019hui, il faut se pr\u00e9parer \u00e0 la reprise de l\u2019activit\u00e9 \u00e9conomique. Le travail doit se faire en temps masqu\u00e9. Je ne prendrai qu\u2019un seul exemple, le transport a\u00e9rien. Au d\u00e9but du mois de juin prochain d\u00e9butera la haute saison touristique et le retour de nos concitoyens r\u00e9sidant \u00e0 l\u2019\u00e9tranger. Les avions de Tunis Air sont au sol (grounded), nos a\u00e9roports sont pratiquement \u00e0 l\u2019arr\u00eat. Alors, pourquoi ne pas engager imm\u00e9diatement un vaste plan de maintenance de nos a\u00e9roports ? \u00c7a donnera en m\u00eame temps de l\u2019activit\u00e9 \u00e0 plusieurs corps de m\u00e9tiers. Pour Tunis Air, proc\u00e9der \u00e0 l\u2019entretien de toute la flotte.<\/p>\n<p>Le tout pour \u00eatre pr\u00eat pour la haute saison. Le co\u00fbt de cette op\u00e9ration ? Cent millions de dinars pour les a\u00e9roports et deux cents millions de dollars pour Tunis Air. Soit un total de sept cents millions de dinars. Ce n\u2019est rien devant l\u2019enjeu. La garantie de l\u2019Etat suffira. C\u2019est une r\u00e9ponse Keyn\u00e9sienne \u00e0 la crise. Il n\u2019y en a pas d\u2019autres. On doit ouvrir le robinet de la d\u00e9pense publique. D\u2019autres secteurs pourraient b\u00e9n\u00e9ficier de ces m\u00eames mesures. Je pense aux industries totalement exportatrices et \u00e0 d\u2019autres secteurs \u00e0 valeur ajout\u00e9e.<\/p>\n<p>Agissons rapidement. Il ne faut pas rater la reprise. Nous faisons confiance \u00e0 l\u2019ensemble du secteur de la sant\u00e9 pour g\u00e9rer la crise sanitaire sous l\u2019autorit\u00e9 de l\u2019Etat. Mais si, par hasard, nous ratons le rendez- vous de la reprise \u00e9conomique, nous aurons laiss\u00e9 \u00e9chapper une opportunit\u00e9 de relancer notre \u00e9conomie.<\/p>\n<div class=\"swp_social_panel swp_horizontal_panel swp_flat_fresh swp_default_full_color swp_individual_full_color swp_other_full_color scale-100 scale-\" data-min-width=\"1100\" data-float-color=\"#ffffff\" data-float=\"bottom\" data-float-mobile=\"bottom\" data-transition=\"slide\">\n<div class=\"nc_tweetContainer swp_share_button total_shares total_sharesalt\"><span class=\"swp_count\">4 <span class=\"swp_label\">Partages<\/span><\/span><\/div>\n<\/div>\n<p><strong>Que se passe-t-il en Tunisie?<\/strong><br \/>Nous expliquons sur notre <a href=\"https:\/\/www.youtube.com\/channel\/UCRzypVq0B_yBad5eGrwBx0Q?sub_confirmation=1\" target=\"_blank\" rel=\"noopener noreferrer\">cha\u00eene YouTube<\/a> . <a href=\"https:\/\/www.youtube.com\/channel\/UCRzypVq0B_yBad5eGrwBx0Q?sub_confirmation=1\" target=\"_blank\" rel=\"noopener noreferrer\">Abonnez-vous!<\/a><\/p>\n<div class=\"mvp-org-wrap mvp-org-logo\" itemprop=\"publisher\" itemscope=\"\" itemtype=\"https:\/\/schema.org\/Organization\"><img decoding=\"async\" src=\"https:\/\/www.tunisienumerique.com\/wp-content\/uploads\/2017\/02\/logo_tunisie_numerique.png\"\/><\/div>\n<div class=\"mvp-related-posts left relative\">\n<h4 class=\"post-header\"><span class=\"post-header\">Lire aussi<\/span><\/h4>\n<\/div>\n<div id=\"article-ad\"><ins class=\"adsbygoogle c4\" data-ad-client=\"ca-pub-2102118777505746\" data-ad-slot=\"6513972734\" data-ad-format=\"auto\" data-full-width-responsive=\"true\"\/> <\/div>\n<\/div>\n<div id=\"post-sidebar-wrap\"><ins class=\"adsbygoogle c4\" data-ad-client=\"ca-pub-2102118777505746\" data-ad-slot=\"6168283410\" data-ad-format=\"auto\" data-full-width-responsive=\"true\"\/> <\/div>\n<p>Auteur: Tunisie Num\u00e9rique<br \/>\n<a href=\"https:\/\/www.tunisienumerique.com\/par-khelil-lajimi-lapres-recession\/\">Cliquez ici pour lire l&rsquo;article depuis sa source.<\/a><\/p>\n","protected":false},"excerpt":{"rendered":"<p>La r\u00e9cession suit un sch\u00e9ma classique que les \u00e9conomistes ma\u00eetrisent parfaitement. G\u00e9n\u00e9ralement, elle est d\u00e9clench\u00e9e par l\u2019\u00e9clatement d\u2019une bulle sp\u00e9culative ou bien \u00e0 la suite d\u2019un choc de l\u2019offre comme en 1973 o\u00f9 les prix du p\u00e9trole ont quadrupl\u00e9. Cette fois, c\u2019est une nouvelle forme de r\u00e9cession jamais vue auparavant : il s\u2019agit d\u2019une d\u00e9pression [&hellip;]<\/p>\n","protected":false},"author":1789,"featured_media":81542,"comment_status":"closed","ping_status":"closed","sticky":false,"template":"","format":"standard","meta":{"fifu_image_url":"","fifu_image_alt":"","footnotes":""},"categories":[73,55],"tags":[],"class_list":["post-81541","post","type-post","status-publish","format-standard","has-post-thumbnail","hentry","category-actualite","category-tunisie"],"_links":{"self":[{"href":"https:\/\/linitiative.ca\/International\/wp-json\/wp\/v2\/posts\/81541","targetHints":{"allow":["GET"]}}],"collection":[{"href":"https:\/\/linitiative.ca\/International\/wp-json\/wp\/v2\/posts"}],"about":[{"href":"https:\/\/linitiative.ca\/International\/wp-json\/wp\/v2\/types\/post"}],"author":[{"embeddable":true,"href":"https:\/\/linitiative.ca\/International\/wp-json\/wp\/v2\/users\/1789"}],"replies":[{"embeddable":true,"href":"https:\/\/linitiative.ca\/International\/wp-json\/wp\/v2\/comments?post=81541"}],"version-history":[{"count":0,"href":"https:\/\/linitiative.ca\/International\/wp-json\/wp\/v2\/posts\/81541\/revisions"}],"wp:featuredmedia":[{"embeddable":true,"href":"https:\/\/linitiative.ca\/International\/wp-json\/"}],"wp:attachment":[{"href":"https:\/\/linitiative.ca\/International\/wp-json\/wp\/v2\/media?parent=81541"}],"wp:term":[{"taxonomy":"category","embeddable":true,"href":"https:\/\/linitiative.ca\/International\/wp-json\/wp\/v2\/categories?post=81541"},{"taxonomy":"post_tag","embeddable":true,"href":"https:\/\/linitiative.ca\/International\/wp-json\/wp\/v2\/tags?post=81541"}],"curies":[{"name":"wp","href":"https:\/\/api.w.org\/{rel}","templated":true}]}}