{"id":81543,"date":"2020-04-07T17:13:19","date_gmt":"2020-04-07T21:13:19","guid":{"rendered":"https:\/\/linitiative.ca\/International\/libye-la-region-est-enregistre-son-premier-cas-dinfection-au-coronavirus\/"},"modified":"2020-04-07T17:13:19","modified_gmt":"2020-04-07T21:13:19","slug":"libye-la-region-est-enregistre-son-premier-cas-dinfection-au-coronavirus","status":"publish","type":"post","link":"https:\/\/linitiative.ca\/International\/libye-la-region-est-enregistre-son-premier-cas-dinfection-au-coronavirus\/","title":{"rendered":"Libye: La r\u00e9gion Est enregistre son premier cas d\u2019infection au coronavirus"},"content":{"rendered":"<div class=\"post-cont-in left relative\">\n<p>La ville de Benghazi dans l\u2019Est de la Libye a enregistr\u00e9 mardi soir un cas d\u2019infection au <a href=\"https:\/\/www.tunisienumerique.com\/tunisie-actualite\/coronavirus\/\" title=\"coronavirus\" target=\"_top\" class=\"auto-link\" rel=\"noopener noreferrer\">coronavirus<\/a>, le premier dans la r\u00e9gion orientale sous contr\u00f4le du mar\u00e9chal Khalifa <a href=\"https:\/\/www.tunisienumerique.com\/tunisie-actualite\/haftar\/\" title=\"Haftar\" target=\"_top\" class=\"auto-link\" rel=\"noopener noreferrer\">Haftar<\/a>.<\/p>\n<div class=\"code-block code-block-1 c3\"><ins class=\"adsbygoogle c2\" data-ad-layout=\"in-article\" data-ad-format=\"fluid\" data-ad-client=\"ca-pub-2102118777505746\" data-ad-slot=\"7301775417\"\/> <\/div>\n<p>Il s\u2019agit d\u2019un homme \u00e2g\u00e9 de 55 ans de retour d\u2019un voyage en Turquie via la Tunisie , il y a 20 jours, ont annonc\u00e9 les autorit\u00e9s sanitaires de la r\u00e9gion.<\/p>\n<p>Avec ce nouveau cas, le nombre total des personnes infect\u00e9es en Libye passe \u00e0 20 dont un cas gu\u00e9ri et un d\u00e9c\u00e8s.<\/p>\n<div class=\"swp_social_panel swp_horizontal_panel swp_flat_fresh swp_default_full_color swp_individual_full_color swp_other_full_color scale-100 scale-\" data-min-width=\"1100\" data-float-color=\"#ffffff\" data-float=\"bottom\" data-float-mobile=\"bottom\" data-transition=\"slide\">\n<div class=\"nc_tweetContainer swp_share_button total_shares total_sharesalt\"><span class=\"swp_count\">2 <span class=\"swp_label\">Partages<\/span><\/span><\/div>\n<\/div>\n<p><strong>Que se passe-t-il en Tunisie?<\/strong><br \/>Nous expliquons sur notre <a href=\"https:\/\/www.youtube.com\/channel\/UCRzypVq0B_yBad5eGrwBx0Q?sub_confirmation=1\" target=\"_blank\" rel=\"noopener noreferrer\">cha\u00eene YouTube<\/a> . <a href=\"https:\/\/www.youtube.com\/channel\/UCRzypVq0B_yBad5eGrwBx0Q?sub_confirmation=1\" target=\"_blank\" rel=\"noopener noreferrer\">Abonnez-vous!<\/a><\/p>\n<div class=\"mvp-org-wrap mvp-org-logo\" itemprop=\"publisher\" itemscope=\"\" itemtype=\"https:\/\/schema.org\/Organization\"><img decoding=\"async\" src=\"https:\/\/www.tunisienumerique.com\/wp-content\/uploads\/2017\/02\/logo_tunisie_numerique.png\"\/><\/div>\n<div class=\"mvp-related-posts left relative\">\n<h4 class=\"post-header\"><span class=\"post-header\">Lire aussi<\/span><\/h4>\n<\/div>\n<div id=\"article-ad\"><ins class=\"adsbygoogle c4\" data-ad-client=\"ca-pub-2102118777505746\" data-ad-slot=\"6513972734\" data-ad-format=\"auto\" data-full-width-responsive=\"true\"\/> <\/div>\n<\/div>\n<div id=\"post-sidebar-wrap\"><ins class=\"adsbygoogle c4\" data-ad-client=\"ca-pub-2102118777505746\" data-ad-slot=\"6168283410\" data-ad-format=\"auto\" data-full-width-responsive=\"true\"\/> <\/div>\n<p>Auteur: Mourad S<br \/>\n<a href=\"https:\/\/www.tunisienumerique.com\/libye-la-region-est-enregistre-son-premier-cas-dinfection-au-coronavirus\/\">Cliquez ici pour lire l&rsquo;article depuis sa source.<\/a><\/p>\n","protected":false},"excerpt":{"rendered":"<p>La ville de Benghazi dans l\u2019Est de la Libye a enregistr\u00e9 mardi soir un cas d\u2019infection au coronavirus, le premier dans la r\u00e9gion orientale sous contr\u00f4le du mar\u00e9chal Khalifa Haftar. Il s\u2019agit d\u2019un homme \u00e2g\u00e9 de 55 ans de retour d\u2019un voyage en Turquie via la Tunisie , il y a 20 jours, ont annonc\u00e9 [&hellip;]<\/p>\n","protected":false},"author":1789,"featured_media":81544,"comment_status":"closed","ping_status":"closed","sticky":false,"template":"","format":"standard","meta":{"fifu_image_url":"","fifu_image_alt":"","footnotes":""},"categories":[73,55],"tags":[],"class_list":["post-81543","post","type-post","status-publish","format-standard","has-post-thumbnail","hentry","category-actualite","category-tunisie"],"_links":{"self":[{"href":"https:\/\/linitiative.ca\/International\/wp-json\/wp\/v2\/posts\/81543","targetHints":{"allow":["GET"]}}],"collection":[{"href":"https:\/\/linitiative.ca\/International\/wp-json\/wp\/v2\/posts"}],"about":[{"href":"https:\/\/linitiative.ca\/International\/wp-json\/wp\/v2\/types\/post"}],"author":[{"embeddable":true,"href":"https:\/\/linitiative.ca\/International\/wp-json\/wp\/v2\/users\/1789"}],"replies":[{"embeddable":true,"href":"https:\/\/linitiative.ca\/International\/wp-json\/wp\/v2\/comments?post=81543"}],"version-history":[{"count":0,"href":"https:\/\/linitiative.ca\/International\/wp-json\/wp\/v2\/posts\/81543\/revisions"}],"wp:featuredmedia":[{"embeddable":true,"href":"https:\/\/linitiative.ca\/International\/wp-json\/"}],"wp:attachment":[{"href":"https:\/\/linitiative.ca\/International\/wp-json\/wp\/v2\/media?parent=81543"}],"wp:term":[{"taxonomy":"category","embeddable":true,"href":"https:\/\/linitiative.ca\/International\/wp-json\/wp\/v2\/categories?post=81543"},{"taxonomy":"post_tag","embeddable":true,"href":"https:\/\/linitiative.ca\/International\/wp-json\/wp\/v2\/tags?post=81543"}],"curies":[{"name":"wp","href":"https:\/\/api.w.org\/{rel}","templated":true}]}}