{"id":81546,"date":"2020-04-07T05:16:03","date_gmt":"2020-04-07T09:16:03","guid":{"rendered":"https:\/\/linitiative.ca\/International\/covid-19-au-burkina-19-nouveaux-cas-un-deces-a-la-date-du-5-avril\/"},"modified":"2020-04-07T05:16:03","modified_gmt":"2020-04-07T09:16:03","slug":"covid-19-au-burkina-19-nouveaux-cas-un-deces-a-la-date-du-5-avril","status":"publish","type":"post","link":"https:\/\/linitiative.ca\/International\/covid-19-au-burkina-19-nouveaux-cas-un-deces-a-la-date-du-5-avril\/","title":{"rendered":"Covid 19  au Burkina: 19 nouveaux cas , un d\u00e9c\u00e8s a la date du 5 avril"},"content":{"rendered":"<div class=\"td-post-featured-image\"><a href=\"https:\/\/i2.wp.com\/www.sidwaya.info\/wp-content\/uploads\/2020\/04\/covi.jpg?fit=300%2C168&amp;ssl=1\" data-caption=\"\"><img loading=\"lazy\" decoding=\"async\" width=\"300\" height=\"168\" class=\"entry-thumb td-modal-image\" src=\"https:\/\/i2.wp.com\/www.sidwaya.info\/wp-content\/uploads\/2020\/04\/covi.jpg?resize=300,168&amp;ssl=1\" alt=\"\" title=\"covi\"\/><\/a><\/div>\n<p>19 nouveaux cas , 18 nouvelle gu\u00e9risons,\u00a0 un d\u00e9c\u00e8s a la date du 5 avril<\/p>\n<p>Lire le communiqu\u00e9 du SIG<\/p>\n<p><img loading=\"lazy\" decoding=\"async\" class=\"alignleft size-full wp-image-20596\" src=\"https:\/\/i0.wp.com\/www.sidwaya.info\/wp-content\/uploads\/2020\/04\/1-12.jpg?resize=485,595&amp;ssl=1\" alt=\"\" width=\"485\" height=\"595\" srcset=\"https:\/\/i0.wp.com\/www.sidwaya.info\/wp-content\/uploads\/2020\/04\/1-12.jpg?w=485&amp;ssl=1 485w, https:\/\/i0.wp.com\/www.sidwaya.info\/wp-content\/uploads\/2020\/04\/1-12.jpg?resize=245%2C300&amp;ssl=1 245w, https:\/\/i0.wp.com\/www.sidwaya.info\/wp-content\/uploads\/2020\/04\/1-12.jpg?resize=342%2C420&amp;ssl=1 342w\" sizes=\"auto, (max-width: 485px) 100vw, 485px\" data-recalc-dims=\"1\"\/><\/p>\n<div class=\"td-a-rec td-a-rec-id-content_bottom  tdi_30_6d6 td_block_template_1\">\n<style><![CDATA[\n\/* custom css *\/\n.tdi_30_6d6.td-a-rec-img{\n\t\t\t\t    text-align: left;\n\t\t\t\t}.tdi_30_6d6.td-a-rec-img img{\n                    margin: 0 auto 0 0;\n                }\n]]><\/style>\n<p><img loading=\"lazy\" decoding=\"async\" class=\"aligncenter size-full wp-image-9623\" src=\"https:\/\/www.sidwaya.info\/wp-content\/uploads\/2019\/06\/Projet-bannie&#x300;re-Orange-mobile.jpg\" alt=\"\" width=\"728\" height=\"81\"\/><\/div>\n<p>Auteur: DD. Sidwaya<br \/>\n<a href=\"https:\/\/www.sidwaya.info\/blog\/2020\/04\/07\/a-la-date-du-05-avril-2020-situation-de-la-maladie-a-coronavirus\/\">Cliquez ici pour lire l&rsquo;article depuis sa source.<\/a><\/p>\n","protected":false},"excerpt":{"rendered":"<p>19 nouveaux cas , 18 nouvelle gu\u00e9risons,\u00a0 un d\u00e9c\u00e8s a la date du 5 avril Lire le communiqu\u00e9 du SIG Auteur: DD. Sidwaya Cliquez ici pour lire l&rsquo;article depuis sa source.<\/p>\n","protected":false},"author":1816,"featured_media":0,"comment_status":"closed","ping_status":"closed","sticky":false,"template":"","format":"standard","meta":{"fifu_image_url":"","fifu_image_alt":"","footnotes":""},"categories":[73,81],"tags":[],"class_list":["post-81546","post","type-post","status-publish","format-standard","hentry","category-actualite","category-burkina-faso"],"_links":{"self":[{"href":"https:\/\/linitiative.ca\/International\/wp-json\/wp\/v2\/posts\/81546","targetHints":{"allow":["GET"]}}],"collection":[{"href":"https:\/\/linitiative.ca\/International\/wp-json\/wp\/v2\/posts"}],"about":[{"href":"https:\/\/linitiative.ca\/International\/wp-json\/wp\/v2\/types\/post"}],"author":[{"embeddable":true,"href":"https:\/\/linitiative.ca\/International\/wp-json\/wp\/v2\/users\/1816"}],"replies":[{"embeddable":true,"href":"https:\/\/linitiative.ca\/International\/wp-json\/wp\/v2\/comments?post=81546"}],"version-history":[{"count":0,"href":"https:\/\/linitiative.ca\/International\/wp-json\/wp\/v2\/posts\/81546\/revisions"}],"wp:attachment":[{"href":"https:\/\/linitiative.ca\/International\/wp-json\/wp\/v2\/media?parent=81546"}],"wp:term":[{"taxonomy":"category","embeddable":true,"href":"https:\/\/linitiative.ca\/International\/wp-json\/wp\/v2\/categories?post=81546"},{"taxonomy":"post_tag","embeddable":true,"href":"https:\/\/linitiative.ca\/International\/wp-json\/wp\/v2\/tags?post=81546"}],"curies":[{"name":"wp","href":"https:\/\/api.w.org\/{rel}","templated":true}]}}