{"id":81548,"date":"2020-04-07T05:25:34","date_gmt":"2020-04-07T09:25:34","guid":{"rendered":"https:\/\/linitiative.ca\/International\/covid-19-des-bienfaits-pour-lenvironnement\/"},"modified":"2020-04-07T05:25:34","modified_gmt":"2020-04-07T09:25:34","slug":"covid-19-des-bienfaits-pour-lenvironnement","status":"publish","type":"post","link":"https:\/\/linitiative.ca\/International\/covid-19-des-bienfaits-pour-lenvironnement\/","title":{"rendered":"Covid-19  : des bienfaits pour l\u2019environnement"},"content":{"rendered":"<div class=\"td-post-featured-image\"><a href=\"https:\/\/i2.wp.com\/www.sidwaya.info\/wp-content\/uploads\/2020\/04\/1-13.jpg?fit=595%2C391&amp;ssl=1\" data-caption=\"\"><img loading=\"lazy\" decoding=\"async\" width=\"595\" height=\"391\" class=\"entry-thumb td-modal-image\" src=\"https:\/\/i2.wp.com\/www.sidwaya.info\/wp-content\/uploads\/2020\/04\/1-13.jpg?resize=595,391&amp;ssl=1\" srcset=\"https:\/\/i2.wp.com\/www.sidwaya.info\/wp-content\/uploads\/2020\/04\/1-13.jpg?w=595&amp;ssl=1 595w, https:\/\/i2.wp.com\/www.sidwaya.info\/wp-content\/uploads\/2020\/04\/1-13.jpg?resize=300%2C197&amp;ssl=1 300w\" sizes=\"auto, (max-width: 595px) 100vw, 595px\" alt=\"\" title=\"1\"\/><\/a><\/div>\n<p><strong>La pand\u00e9mie du Coronavirus a oblig\u00e9 les pays \u00e0 op\u00e9rer un mode de vie obligeant les populations \u00e0 se confiner pour briser la cha\u00eene de contamination. Cela a pour cons\u00e9quences la baisse des activit\u00e9s et la mobilit\u00e9 humaine. Du coup, c\u2019est l\u2019environnement qui en tire profit en ce sens qu\u2019il se retrouve moins pollu\u00e9.<\/strong><\/p>\n<p>Il n\u2019est pas de trop d\u2019affirmer que les changements climatiques, les \u00e9missions de gaz \u00e0 effet de serre et la pollution de l\u2019environnement de fa\u00e7on g\u00e9n\u00e9rale sont le fait des activit\u00e9s des hommes. La litt\u00e9rature et les recherches scientifiques abondent dans ce sens. Depuis l\u2019apparition du Coronavirus, notre cadre de vie conna\u00eet une baisse d\u2019\u00e9mission du gaz \u00e0 effet de serre.<\/p>\n<p>Cette chute de pollution est li\u00e9e \u00e0 la r\u00e9duction drastique des activit\u00e9s humaines. Pour rappel, c\u2019est l\u2019hypermobilit\u00e9 humaine qui est \u00e0 la base de la pand\u00e9mie du coronavirus. Le confinement d\u00e9cid\u00e9 par les diff\u00e9rents pays frapp\u00e9s par le COVID-19 afin de casser la cha\u00eene de contamination permet d\u2019\u00e9tablir des parall\u00e8les entre maladie et la crise climatique. Le COVID-19 a donn\u00e9 un coup de frein \u00e0 la mobilit\u00e9 des citoyens dans les grandes villes du monde. La baisse actuelle du trafic a\u00e9rien et celui du transport terrestre ont contribu\u00e9 \u00e0 am\u00e9liorer un tant soit peu, la qualit\u00e9 de l\u2019air. En attendant des r\u00e9sultats d\u2019\u00e9tudes scientifiques, l\u2019on peut s\u2019inscrire dans la tendance d\u2019une baisse des \u00e9missions de gaz \u00e0 effet de serre suite \u00e0 la r\u00e9duction des productions industrielles. Dans le m\u00eame ordre d\u2019id\u00e9es, la fermeture des march\u00e9s \u00e0 Ouagadougou par exemple (quoique p\u00e9nible pour les commer\u00e7ants) a contribu\u00e9 \u00e0 r\u00e9duire la pollution du cadre de vie, quand on sait que les jours de march\u00e9 sont des occasions de production de d\u00e9chets en grande quantit\u00e9.<\/p>\n<p><strong>La pollution de l\u2019atmosph\u00e8re amoindrie<\/strong><\/p>\n<p>Faute de politiques suffisantes pour pr\u00e9server l\u2019environnement marqu\u00e9 par le fonctionnement \u00e9conomique de nos soci\u00e9t\u00e9s polluantes, la maladie \u00e0 COVID-19 vient montrer si besoin en est, qu\u2019il est possible d\u2019amoindrir la pollution de l\u2019atmosph\u00e8re. Elle nous pr\u00e9sente une situation \u00e0 effets b\u00e9n\u00e9fiques comme entre autres, les \u00e9missions de gaz \u00e0 effet de serre et la pollution de l\u2019air qui diminuent. Cependant, ce conditionnement a un co\u00fbt que l\u2019humanit\u00e9 ne peut supporter qu\u2019en p\u00e9riode o\u00f9 le Coronavirus s\u00e9vit. Certes, le COVID-19 oblige \u00e0 adopter un type de comportement auquel l\u2019humanit\u00e9 n\u2019est pas habitu\u00e9e, mais, le fait qu\u2019elle permet d\u2019emp\u00eacher la contamination, l\u2019environnement en tire quelques avantages. Toutefois, ces mesures temporaires ne peuvent pas constituer une r\u00e9ponse durable au d\u00e9fi du changement climatique. Cette crise sanitaire doit nous amener \u00e0 r\u00e9fl\u00e9chir \u00e0 notre mode de vie et partant, l\u2019occasion de mettre en place des plans de relance des projets et programmes li\u00e9s \u00e0 la pr\u00e9servation de l\u2019environnement. Ainsi, il est possible d\u2019intervenir de mani\u00e8re drastique dans l\u2019\u00e9conomie pour faire face \u00e0 des menaces qui p\u00e8sent sur la collectivit\u00e9 tout enti\u00e8re, de changer les r\u00e8gles, de prendre des d\u00e9cisions qui semblaient improbables et qui deviennent finalement in\u00e9vitables.<\/p>\n<p>Selon Bob Hunter, un des fondateurs de Greenpeace, nous sommes dans un moment o\u00f9 \u00ab les grands changements semblent impossibles au d\u00e9but et in\u00e9vitables \u00e0 la fin \u00bb. Pour lui, cette pand\u00e9mie aura eu au moins la vertu de d\u00e9placer les bornes du r\u00e9alisme dans l\u2019espace public et dans la d\u00e9cision politique. Et d\u2019insister que c\u2019est une opportunit\u00e9 d\u2019adapter notre mod\u00e8le \u00e0 l\u2019urgence climatique. Sans quoi, nous ne ferons que subir les fl\u00e9aux les uns apr\u00e8s les autres. En attendant, pour \u00e9viter la contamination, \u00e9vitons de se moucher, de cracher et d\u2019\u00e9ternuer \u00e0 l\u2019air libre. Ce minimum de comportements pollue moins notre cadre de vie.<\/p>\n<p class=\"c1\"><strong>Pat\u00e9n\u00e9ma Oumar OUEDRAOGO<\/strong><br \/><strong>pathnema@gmail.com<\/strong><\/p>\n<div class=\"td-a-rec td-a-rec-id-content_bottom tdi_30_e42 td_block_template_1\"><img loading=\"lazy\" decoding=\"async\" class=\"aligncenter size-full wp-image-9623\" src=\"https:\/\/www.sidwaya.info\/wp-content\/uploads\/2019\/06\/Projet-bannie\u0300re-Orange-mobile.jpg\" alt=\"\" width=\"728\" height=\"81\"\/><\/div>\n<p>Auteur: DD. Sidwaya<br \/>\n<a href=\"https:\/\/www.sidwaya.info\/blog\/2020\/04\/07\/covid-19-des-bienfaits-pour-lenvironnement\/\">Cliquez ici pour lire l&rsquo;article depuis sa source.<\/a><\/p>\n","protected":false},"excerpt":{"rendered":"<p>La pand\u00e9mie du Coronavirus a oblig\u00e9 les pays \u00e0 op\u00e9rer un mode de vie obligeant les populations \u00e0 se confiner pour briser la cha\u00eene de contamination. Cela a pour cons\u00e9quences la baisse des activit\u00e9s et la mobilit\u00e9 humaine. Du coup, c\u2019est l\u2019environnement qui en tire profit en ce sens qu\u2019il se retrouve moins pollu\u00e9. Il [&hellip;]<\/p>\n","protected":false},"author":1816,"featured_media":0,"comment_status":"closed","ping_status":"closed","sticky":false,"template":"","format":"standard","meta":{"fifu_image_url":"","fifu_image_alt":"","footnotes":""},"categories":[73,81],"tags":[],"class_list":["post-81548","post","type-post","status-publish","format-standard","hentry","category-actualite","category-burkina-faso"],"_links":{"self":[{"href":"https:\/\/linitiative.ca\/International\/wp-json\/wp\/v2\/posts\/81548","targetHints":{"allow":["GET"]}}],"collection":[{"href":"https:\/\/linitiative.ca\/International\/wp-json\/wp\/v2\/posts"}],"about":[{"href":"https:\/\/linitiative.ca\/International\/wp-json\/wp\/v2\/types\/post"}],"author":[{"embeddable":true,"href":"https:\/\/linitiative.ca\/International\/wp-json\/wp\/v2\/users\/1816"}],"replies":[{"embeddable":true,"href":"https:\/\/linitiative.ca\/International\/wp-json\/wp\/v2\/comments?post=81548"}],"version-history":[{"count":0,"href":"https:\/\/linitiative.ca\/International\/wp-json\/wp\/v2\/posts\/81548\/revisions"}],"wp:attachment":[{"href":"https:\/\/linitiative.ca\/International\/wp-json\/wp\/v2\/media?parent=81548"}],"wp:term":[{"taxonomy":"category","embeddable":true,"href":"https:\/\/linitiative.ca\/International\/wp-json\/wp\/v2\/categories?post=81548"},{"taxonomy":"post_tag","embeddable":true,"href":"https:\/\/linitiative.ca\/International\/wp-json\/wp\/v2\/tags?post=81548"}],"curies":[{"name":"wp","href":"https:\/\/api.w.org\/{rel}","templated":true}]}}