{"id":81549,"date":"2020-04-07T05:29:47","date_gmt":"2020-04-07T09:29:47","guid":{"rendered":"https:\/\/linitiative.ca\/International\/covid-19-plus-dun-milliard-f-cfa-pour-soutenir-la-culture\/"},"modified":"2020-04-07T05:29:47","modified_gmt":"2020-04-07T09:29:47","slug":"covid-19-plus-dun-milliard-f-cfa-pour-soutenir-la-culture","status":"publish","type":"post","link":"https:\/\/linitiative.ca\/International\/covid-19-plus-dun-milliard-f-cfa-pour-soutenir-la-culture\/","title":{"rendered":"Covid-19  : plus d\u2019un milliard F CFA pour soutenir la culture"},"content":{"rendered":"<div class=\"td-post-featured-image\"><a href=\"https:\/\/i1.wp.com\/www.sidwaya.info\/wp-content\/uploads\/2020\/04\/1-15.jpg?fit=595%2C397&amp;ssl=1\" data-caption=\"\"><img loading=\"lazy\" decoding=\"async\" width=\"595\" height=\"397\" class=\"entry-thumb td-modal-image\" src=\"https:\/\/i1.wp.com\/www.sidwaya.info\/wp-content\/uploads\/2020\/04\/1-15.jpg?resize=595,397&amp;ssl=1\" srcset=\"https:\/\/i1.wp.com\/www.sidwaya.info\/wp-content\/uploads\/2020\/04\/1-15.jpg?w=595&amp;ssl=1 595w, https:\/\/i1.wp.com\/www.sidwaya.info\/wp-content\/uploads\/2020\/04\/1-15.jpg?resize=300%2C200&amp;ssl=1 300w\" sizes=\"auto, (max-width: 595px) 100vw, 595px\" alt=\"\" title=\"1\"\/><\/a><\/div>\n<p><strong>Le comit\u00e9 de suivi des modalit\u00e9s d\u2019accompagnement de l\u2019Etat pour la relance du secteur de la culture, de l\u2019h\u00f4tellerie, de la restauration et du tourisme apr\u00e8s COVID-19 a \u00e9t\u00e9 officiellement mis en place, le lundi 6 avril 2020 \u00e0 Ouagadougou.<\/strong><\/p>\n<p>Le Pr\u00e9sident du Faso, Roch Marc Christian Kabor\u00e9, a \u00e9nonc\u00e9, le 2 avril dernier, dans son second message \u00e0 la nation sur la pand\u00e9mie du Coronavirus, une batterie de mesures en vue de soutenir de nombreux secteurs vitaux, dont la culture. Pour soutenir la relance du secteur de la Culture, des Arts et du Tourisme, l\u2019Etat a pr\u00e9vu, selon le premier responsable du d\u00e9partement, Abdoul Karim Sango, 1 025 000 000 F CFA. Les membres du comit\u00e9 de r\u00e9flexion sur le plan d\u2019appui aux acteurs culturels burkinab\u00e8 ont \u00e9t\u00e9, \u00e0 cet effet, install\u00e9s officiellement, le lundi 6 avril 2020 \u00e0 Ouagadougou. Le comit\u00e9 est compos\u00e9, a pr\u00e9cis\u00e9 le ministre Sango, des cadres de son d\u00e9partement et des repr\u00e9sentants des fa\u00eeti\u00e8res des structures relevant de la culture et du tourisme. Il comprend 10 membres, a-t-il dit, pr\u00e9sid\u00e9 par le conseiller technique au minist\u00e8re de la Culture, des Arts et du Tourisme, Rasman\u00e9 Kamba. \u00ab\u00a0J\u2019attends de vous que vous puissiez apr\u00e8s un conclave de 4 jours, d\u00e9terminer les modalit\u00e9s de l\u2019accompagnement de l\u2019Etat pour la relance du secteur de la culture, de l\u2019h\u00f4tellerie, de la restauration et du tourisme apr\u00e8s le COVID 19 \u00ab\u00a0, s\u2019est-il adress\u00e9 aux membres du comit\u00e9.<\/p>\n<p>Pour M. Sango, la priorit\u00e9 absolue du gouvernement est d\u2019att\u00e9nuer, par des actions concr\u00e8tes, les effets de la pand\u00e9mie du coronavirus, sur l\u2019\u00e9conomie nationale, en g\u00e9n\u00e9ral et sur le secteur de la culture et du tourisme en particulier. Les principales missions de ce comit\u00e9, a-t-il soulign\u00e9, sont multiples. Il s\u2019agit, a cit\u00e9 M. Sango, de d\u00e9terminer les formes de pr\u00e9judice, d\u2019identifier les activit\u00e9s d\u00e9j\u00e0 programm\u00e9es et non mises en \u0153uvre du fait du COVID-19, de d\u00e9terminer les crit\u00e8res d\u2019accompagnement pour chaque situation, de d\u00e9terminer les conditions possibles d\u2019accompagnement, afin de disposer d\u2019une s\u00e9rie de propositions \u00e0 transmettre \u00e0 qui de droit. \u00ab\u00a0Ce n\u2019est pas un d\u00e9dommagement. Car, le gouvernement n\u2019est pas responsable. C\u2019est un cas de force majeure qui s\u2019est impos\u00e9 \u00e0 lui et \u00e0 l\u2019ensemble du peuple burkinab\u00e8. Il s\u2019agit l\u00e0 de mesures d\u2019accompagnement. Toute fausse facture fera l\u2019objet de proc\u00e9dure p\u00e9nale en bonne et due forme\u00a0\u00bb, a pr\u00e9venu le ministre Sango. A l\u2019issue des 96 heures, le comit\u00e9 de r\u00e9flexion d\u00e9gagera, a-t-il soutenu, un canevas de relance et d\u2019accompagnement des activit\u00e9s du domaine culturel au cours de cette p\u00e9riode de lutte contre le COVID-19.<\/p>\n<p class=\"c1\"><strong>W. Aubin NANA<\/strong><br \/><strong>Mamourou BENAO<\/strong><br \/><strong>(Stagiaire)<\/strong><\/p>\n<div class=\"td-a-rec td-a-rec-id-content_bottom tdi_30_52e td_block_template_1\"><img loading=\"lazy\" decoding=\"async\" class=\"aligncenter size-full wp-image-9623\" src=\"https:\/\/www.sidwaya.info\/wp-content\/uploads\/2019\/06\/Projet-bannie\u0300re-Orange-mobile.jpg\" alt=\"\" width=\"728\" height=\"81\"\/><\/div>\n<p>Auteur: DD. Sidwaya<br \/>\n<a href=\"https:\/\/www.sidwaya.info\/blog\/2020\/04\/07\/covid-19-plus-dun-milliard-f-cfa-pour-soutenir-la-culture\/\">Cliquez ici pour lire l&rsquo;article depuis sa source.<\/a><\/p>\n","protected":false},"excerpt":{"rendered":"<p>Le comit\u00e9 de suivi des modalit\u00e9s d\u2019accompagnement de l\u2019Etat pour la relance du secteur de la culture, de l\u2019h\u00f4tellerie, de la restauration et du tourisme apr\u00e8s COVID-19 a \u00e9t\u00e9 officiellement mis en place, le lundi 6 avril 2020 \u00e0 Ouagadougou. Le Pr\u00e9sident du Faso, Roch Marc Christian Kabor\u00e9, a \u00e9nonc\u00e9, le 2 avril dernier, dans [&hellip;]<\/p>\n","protected":false},"author":1816,"featured_media":0,"comment_status":"closed","ping_status":"closed","sticky":false,"template":"","format":"standard","meta":{"fifu_image_url":"","fifu_image_alt":"","footnotes":""},"categories":[73,81],"tags":[],"class_list":["post-81549","post","type-post","status-publish","format-standard","hentry","category-actualite","category-burkina-faso"],"_links":{"self":[{"href":"https:\/\/linitiative.ca\/International\/wp-json\/wp\/v2\/posts\/81549","targetHints":{"allow":["GET"]}}],"collection":[{"href":"https:\/\/linitiative.ca\/International\/wp-json\/wp\/v2\/posts"}],"about":[{"href":"https:\/\/linitiative.ca\/International\/wp-json\/wp\/v2\/types\/post"}],"author":[{"embeddable":true,"href":"https:\/\/linitiative.ca\/International\/wp-json\/wp\/v2\/users\/1816"}],"replies":[{"embeddable":true,"href":"https:\/\/linitiative.ca\/International\/wp-json\/wp\/v2\/comments?post=81549"}],"version-history":[{"count":0,"href":"https:\/\/linitiative.ca\/International\/wp-json\/wp\/v2\/posts\/81549\/revisions"}],"wp:attachment":[{"href":"https:\/\/linitiative.ca\/International\/wp-json\/wp\/v2\/media?parent=81549"}],"wp:term":[{"taxonomy":"category","embeddable":true,"href":"https:\/\/linitiative.ca\/International\/wp-json\/wp\/v2\/categories?post=81549"},{"taxonomy":"post_tag","embeddable":true,"href":"https:\/\/linitiative.ca\/International\/wp-json\/wp\/v2\/tags?post=81549"}],"curies":[{"name":"wp","href":"https:\/\/api.w.org\/{rel}","templated":true}]}}