{"id":81550,"date":"2020-04-07T15:18:03","date_gmt":"2020-04-07T19:18:03","guid":{"rendered":"https:\/\/linitiative.ca\/International\/la-cedeao-commande-du-materiel-pour-lutter-contre-covid-19\/"},"modified":"2020-04-07T15:18:03","modified_gmt":"2020-04-07T19:18:03","slug":"la-cedeao-commande-du-materiel-pour-lutter-contre-covid-19","status":"publish","type":"post","link":"https:\/\/linitiative.ca\/International\/la-cedeao-commande-du-materiel-pour-lutter-contre-covid-19\/","title":{"rendered":"La Cedeao commande du mat\u00e9riel pour lutter contre Covid-19"},"content":{"rendered":"<div readability=\"32\">\n<p>Publi\u00e9 le 07.04.2020 \u00e0 20h18 par APA News<\/p>\n<\/div>\n<div readability=\"76\">\n<p>Le pr\u00e9sident de la Commission de la Communaut\u00e9 \u00e9conomique des Etats de l\u2019Afrique de l\u2019Ouest (CEDEAO), Jean Claude Kassi Brou, a d\u00e9clar\u00e9 que le l\u2019organisation r\u00e9gionale a pass\u00e9 commande de kits et autres \u00e9quipements pour lutter contre le Covid-19.<\/p>\n<p>Il a d\u00e9clar\u00e9 mardi \u00e0 Abuja que les articles comprenaient 240.000 kits de diagnostic, 240.000 kits d\u2019aspiration, 250.000 \u00e9quipements de transport d\u2019\u00e9chantillons viraux, 285.100 \u00e9quipements de protection individuelle (EPI) et 120 ventilateurs.<\/p>\n<p>\u00a0La Commission, a-t-il indiqu\u00e9, suit l\u2019\u00e9volution de la pand\u00e9mie de coronavirus en Afrique de l\u2019Ouest.<\/p>\n<p>\u00a0Il a r\u00e9v\u00e9l\u00e9 que les pays membres de la CEDEAO ont enregistr\u00e9 1.739 cas confirm\u00e9s, 55 d\u00e9c\u00e8s et 328 personnes qui se sont compl\u00e8tement r\u00e9tablies au dimanche 5 avril 2020.<\/p>\n<p>\u00a0\u00ab Environ 95% des d\u00e9c\u00e8s sont des patients qui souffraient de pathologies parall\u00e8les \u00bb.<\/p>\n<p>\u00a0\u00ab La Commission a r\u00e9affirm\u00e9 sa solidarit\u00e9 avec les \u00c9tats membres et se f\u00e9licite de toutes les mesures d\u00e9j\u00e0 prises pour contenir la propagation de la pand\u00e9mie et prendre soin des malades\u00a0\u00bb, a-t-il d\u00e9clar\u00e9.<\/p>\n<p>\u00a0L\u2019Organisation ouest-africaine de la sant\u00e9 (OOAS), institution sanitaire sp\u00e9cialis\u00e9e charg\u00e9e de coordonner la r\u00e9ponse au niveau r\u00e9gional, a \u00e9labor\u00e9 un plan strat\u00e9gique r\u00e9gional avec tous les \u00c9tats membres.<\/p>\n<p>\u00a0La Commission a soulign\u00e9 que l\u2019OOAS avait d\u00e9j\u00e0 achet\u00e9 et exp\u00e9di\u00e9 aux 15 \u00c9tats membres 30.500 kits de tests de diagnostic, 10.000 \u00e9quipements de protection individuelle (EPI) (combinaisons, tabliers, blouses, gants, lunettes, bottes) et 740.000 comprim\u00e9s de prescription (chloroquine et azithromycine).<\/p>\n<\/div>\n<p>Auteur: APA News<br \/>\n<a href=\"https:\/\/www.journalducameroun.com\/la-cedeao-commande-du-materiel-pour-lutter-contre-covid-19\/\">Cliquez ici pour lire l&rsquo;article depuis sa source.<\/a><\/p>\n","protected":false},"excerpt":{"rendered":"<p>Publi\u00e9 le 07.04.2020 \u00e0 20h18 par APA News Le pr\u00e9sident de la Commission de la Communaut\u00e9 \u00e9conomique des Etats de l\u2019Afrique de l\u2019Ouest (CEDEAO), Jean Claude Kassi Brou, a d\u00e9clar\u00e9 que le l\u2019organisation r\u00e9gionale a pass\u00e9 commande de kits et autres \u00e9quipements pour lutter contre le Covid-19. Il a d\u00e9clar\u00e9 mardi \u00e0 Abuja que les [&hellip;]<\/p>\n","protected":false},"author":1965,"featured_media":0,"comment_status":"closed","ping_status":"closed","sticky":false,"template":"","format":"standard","meta":{"fifu_image_url":"","fifu_image_alt":"","footnotes":""},"categories":[73,82],"tags":[],"class_list":["post-81550","post","type-post","status-publish","format-standard","hentry","category-actualite","category-cameroun"],"_links":{"self":[{"href":"https:\/\/linitiative.ca\/International\/wp-json\/wp\/v2\/posts\/81550","targetHints":{"allow":["GET"]}}],"collection":[{"href":"https:\/\/linitiative.ca\/International\/wp-json\/wp\/v2\/posts"}],"about":[{"href":"https:\/\/linitiative.ca\/International\/wp-json\/wp\/v2\/types\/post"}],"author":[{"embeddable":true,"href":"https:\/\/linitiative.ca\/International\/wp-json\/wp\/v2\/users\/1965"}],"replies":[{"embeddable":true,"href":"https:\/\/linitiative.ca\/International\/wp-json\/wp\/v2\/comments?post=81550"}],"version-history":[{"count":0,"href":"https:\/\/linitiative.ca\/International\/wp-json\/wp\/v2\/posts\/81550\/revisions"}],"wp:attachment":[{"href":"https:\/\/linitiative.ca\/International\/wp-json\/wp\/v2\/media?parent=81550"}],"wp:term":[{"taxonomy":"category","embeddable":true,"href":"https:\/\/linitiative.ca\/International\/wp-json\/wp\/v2\/categories?post=81550"},{"taxonomy":"post_tag","embeddable":true,"href":"https:\/\/linitiative.ca\/International\/wp-json\/wp\/v2\/tags?post=81550"}],"curies":[{"name":"wp","href":"https:\/\/api.w.org\/{rel}","templated":true}]}}