{"id":81551,"date":"2020-04-07T16:18:03","date_gmt":"2020-04-07T20:18:03","guid":{"rendered":"https:\/\/linitiative.ca\/International\/covid-19-quelle-place-pour-lafrique-dans-le-nouvel-ordre-mondial\/"},"modified":"2020-04-07T16:18:03","modified_gmt":"2020-04-07T20:18:03","slug":"covid-19-quelle-place-pour-lafrique-dans-le-nouvel-ordre-mondial","status":"publish","type":"post","link":"https:\/\/linitiative.ca\/International\/covid-19-quelle-place-pour-lafrique-dans-le-nouvel-ordre-mondial\/","title":{"rendered":"Covid-19\u00a0: quelle place pour l\u2019Afrique\u00a0dans le nouvel ordre mondial ?"},"content":{"rendered":"<div readability=\"32\">\n<p>Publi\u00e9 le 07.04.2020 \u00e0 21h18 par APA News<\/p>\n<\/div>\n<div readability=\"158\">\n<p>L\u2019Afrique suscite la crainte de la communaut\u00e9 internationale dans sa capacit\u00e9 \u00e0 faire face \u00e0 la crise du coronavirus, alors qu\u2019elle fait partie avec l\u2019Oc\u00e9anie des continents les moins touch\u00e9s par la pand\u00e9mie.Pendant que les amoureux c\u00e9l\u00e9braient la Saint-Valentin, le nouveau coronavirus choisit le 14 f\u00e9vrier pour p\u00e9n\u00e9trer sur le continent africain, en passant par l\u2019Egypte. Faisant des ravages en Chine o\u00f9 elle s\u2019est d\u00e9clar\u00e9e en novembre, l\u2019\u00e9pid\u00e9mie ne tarde pas \u00e0 se propager vers l\u2019Europe. \u00a0Et la question restait \u00e0 savoir pourquoi un continent si fragile que l\u2019Afrique n\u2019\u00e9tait pas encore touch\u00e9e.<\/p>\n<p>Cette situation fait dire aujourd\u2019hui \u00e0 certains sp\u00e9cialistes de la g\u00e9opolitique, comme le Marocain Abdelmoughit Benmassoud Tredano, interrog\u00e9 par APA, qu\u2019une \u00ab\u00a0nouvelle organisation du monde s\u2019impose\u00a0\u00bb avec en prime le replacement de l\u2019Afrique dans les relations internationales \u00e0 la fin de la crise sanitaire.<\/p>\n<p>Dans son discours \u00e0 la nation \u00e0 la veille de la c\u00e9l\u00e9bration du 60\u00e8 anniversaire de l\u2019ind\u00e9pendance du S\u00e9n\u00e9gal, le Pr\u00e9sident Macky Sall soutient que la pand\u00e9mie qui secoue le monde d\u00e9montre \u00e0 suffisance la \u00ab fragilit\u00e9 de tous les pays et leurs vuln\u00e9rabilit\u00e9s communes \u00bb.\u00a0<\/p>\n<p>\u00ab\u00a0Il est temps de travailler ensemble \u00e0 l\u2019av\u00e8nement d\u2019un nouvel ordre mondial qui met l\u2019humain et l\u2019humanit\u00e9 au c\u0153ur des relations internationales\u00a0\u00bb, souligne le pr\u00e9sident s\u00e9n\u00e9galais.<\/p>\n<p>\u00a0A la date du 7 avril, le continent a enregistr\u00e9 10 252 cas pour 492 d\u00e9c\u00e8s et pr\u00e8s de 989 gu\u00e9risons, selon les chiffres de l\u2019Union africaine (UA). La r\u00e9gion Nord (+4500 cas) du continent reste par contre la partie la plus touch\u00e9e.<\/p>\n<p>Malgr\u00e9 tout, le Secr\u00e9taire g\u00e9n\u00e9ral de l\u2019ONU, Antonio Guterres, a laiss\u00e9 entendre sa crainte de voir \u00ab des millions de morts \u00bb si la communaut\u00e9 internationale ne fait pas de l\u2019Afrique \u00ab une priorit\u00e9 \u00bb. Cet alarmisme lui a valu une lev\u00e9e de boucliers \u00e9tant donn\u00e9 que l\u2019Europe est la zone la plus touch\u00e9e derri\u00e8re les Etats-Unis, nouvel \u00e9picentre de la pand\u00e9mie avec plus de 388 000 malades.<\/p>\n<p>Pr\u00e9cisant sa pens\u00e9e, le Portugais souligne que le risque est que \u00ab la maladie reviendra du Sud vers le Nord. Alors, c\u2019est dans l\u2019int\u00e9r\u00eat des pays du Nord de faire cet investissement massif en Afrique \u00bb.<\/p>\n<p>Des dirigeants africains comme le S\u00e9n\u00e9galais Macky Sall ont d\u00e9j\u00e0 demand\u00e9 l\u2019annulation de la dette du continent pour att\u00e9nuer l\u2019impact du Covid-19. Le plaidoyer du chef d\u2019Etat a \u00e9t\u00e9 appuy\u00e9 par les institutions de Breton Wood, \u00ab\u00a0appelant \u00e0 agir pour all\u00e9ger le poids de la dette des pays IDA (ou pays les plus pauvres de la plan\u00e8te)\u00a0\u00bb.<\/p>\n<p>Impuissance des puissances<\/p>\n<p>Mais le probl\u00e8me ne semble pas que financier, parce que des pays d\u00e9velopp\u00e9s surtout les \u00ab puissances europ\u00e9ennes \u00bb continuent d\u2019afficher leur \u00ab impuissance \u00bb devant la crise sanitaire. \u00ab L\u2019Italie, la France, l\u2019Espagne inqui\u00e8tes de ne pouvoir disposer d\u2019ici une semaine d\u2019\u00e9quipements pour prot\u00e9ger le personnel m\u00e9dical ou de m\u00e9dicaments pour soigner les patients, qui l\u2019e\u00fbt imagin\u00e9 ? \u00bb, s\u2019interroge dans une tribune intitul\u00e9e \u00ab\u00a0COVID-19 et relations internationales : 6 le\u00e7ons provisoires\u00a0\u00bb, le juriste-politologue s\u00e9n\u00e9galais Ndiaga Loum, bas\u00e9 au Canada.<\/p>\n<p>Puis \u00ab\u00a0un pays membre de l\u2019Union Europ\u00e9enne appeler au secours de son corps m\u00e9dical d\u00e9bord\u00e9 des m\u00e9decins d\u2019un pays aussi pauvre que le Cuba pour faire face \u00e0 la pand\u00e9mie du Coronavirus, il n\u2019y a pas plus grande d\u00e9monstration de l\u2019impuissance d\u2019une grande puissance au c\u0153ur de l\u2019union \u00e9conomique la plus forte, la plus approfondie et peut-\u00eatre, la plus aboutie \u00e0 l\u2019\u00e9chelle mondiale (l\u2019Union Europ\u00e9enne)\u00a0\u00bb, a-t-il poursuivi.<\/p>\n<p>Si les moyens de riposte sont jug\u00e9s faibles en Afrique, les Etats-Unis ont \u00e9tudi\u00e9 pour leur part leur sc\u00e9nario du pire. Le coronavirus pourrait y faire \u00ab\u00a0entre 100.000 et 200.000\u00a0\u00bb morts, a avanc\u00e9 dimanche dernier le Dr Anthony Fauci, expert des maladies infectieuses, conseiller du pr\u00e9sident Donald Trump sur la pand\u00e9mie, tout en appelant \u00e0 la prudence sur les projections.<\/p>\n<p>Sur le continent africain en outre, les chefs d\u2019Etat \u00ab\u00a0font preuve d\u2019\u00e9quilibristes\u00a0\u00bb, analyse pour APA le Pr Sahite Gaye, sp\u00e9cialiste s\u00e9n\u00e9galais de la communication de crise. Il ajoute que ces derniers n\u2019ont \u00ab\u00a0pas les moyens \u00e9conomiques et sanitaires pour la riposte (et) ils ne veulent pas que cette crise se transforme en crise sociale avec \u00e0 la base une psychose\u00a0\u00bb, m\u00eame s\u2019ils savent que \u00ab\u00a0l\u2019heure est grave\u00a0\u00bb, pour reprendre le pr\u00e9sident du S\u00e9n\u00e9gal.<\/p>\n<p>Les restrictions se limitent pour le moment au couvre-feu dans la plupart des pays. Mais des Etats comme l\u2019Afrique du Sud et le Maroc ont d\u00e9cid\u00e9 de confiner temporairement leurs populations.<\/p>\n<p>Responsabilit\u00e9 et dynamisme<\/p>\n<p>Au B\u00e9nin, le Pr\u00e9sident Patrice Talon a utilis\u00e9 la \u00ab\u00a0strat\u00e9gie de la question oratoire appel\u00e9e aussi hypobole\u00a0qui consiste \u00e0 renvoyer aux B\u00e9ninois l\u2019impossibilit\u00e9 d\u2019un confinement total. C\u2019est aussi une strat\u00e9gie d\u2019att\u00e9nuation de sa responsabilit\u00e9\u00a0\u00bb, a soulign\u00e9 Pr Gaye.<\/p>\n<p>Des Africains comme le sociologue Ibrahima Diop continuent de penser que cette pand\u00e9mie est une \u00ab\u00a0guerre bact\u00e9riologique\u00a0\u00bb,\u00a0cons\u00e9quence de\u00a0la \u00ab\u00a0guerre commerciale \u00bb entre les Etats-Unis et la Chine. Mais d\u2019autres comme le journaliste Adama Gaye trouvent que \u00ab\u00a0le moment est propice\u00a0\u00bb pour le continent de prendre enfin son envol\u00a0: \u00ab\u00a0L\u2019heure l\u2019exige\u00a0\u00bb et le travail incombe aux \u00ab\u00a0\u00e9lites\u00a0\u00bb africaines.<\/p>\n<p>Un pays comme le S\u00e9n\u00e9gal a d\u00e9pass\u00e9 les 200 cas positifs au Covid-19. Cependant son syst\u00e8me sanitaire est parvenu \u00e0 gu\u00e9rir\u00a072 malades. De plus l\u2019Institut Pasteur de Dakar, l\u2019un des puissants laboratoires biom\u00e9dicaux du continent, travaille sur un vaccin pour venir \u00e0 bout du coronavirus.<\/p>\n<p>\u00ab L\u2019Institut Pasteur de Dakar est le seul producteur de vaccin sur l\u2019Afrique qui est pr\u00e9-qualifi\u00e9 par l\u2019OMS (Organisation Mondiale de la Sant\u00e9). Cela nous met dans une position qui fait qu\u2019aujourd\u2019hui, nous travaillons avec les diff\u00e9rentes initiatives pour le vaccin contre le Covid-19 \u00bb, a fait savoir mardi sur Iradio son administrateur Dr Amadou Alpha Sall.<\/p>\n<\/div>\n<p>Auteur: APA News<br \/>\n<a href=\"https:\/\/www.journalducameroun.com\/covid-19-quelle-place-pour-lafrique-dans-le-nouvel-ordre-mondial\/\">Cliquez ici pour lire l&rsquo;article depuis sa source.<\/a><\/p>\n","protected":false},"excerpt":{"rendered":"<p>Publi\u00e9 le 07.04.2020 \u00e0 21h18 par APA News L\u2019Afrique suscite la crainte de la communaut\u00e9 internationale dans sa capacit\u00e9 \u00e0 faire face \u00e0 la crise du coronavirus, alors qu\u2019elle fait partie avec l\u2019Oc\u00e9anie des continents les moins touch\u00e9s par la pand\u00e9mie.Pendant que les amoureux c\u00e9l\u00e9braient la Saint-Valentin, le nouveau coronavirus choisit le 14 f\u00e9vrier pour [&hellip;]<\/p>\n","protected":false},"author":1965,"featured_media":0,"comment_status":"closed","ping_status":"closed","sticky":false,"template":"","format":"standard","meta":{"fifu_image_url":"","fifu_image_alt":"","footnotes":""},"categories":[73,82],"tags":[],"class_list":["post-81551","post","type-post","status-publish","format-standard","hentry","category-actualite","category-cameroun"],"_links":{"self":[{"href":"https:\/\/linitiative.ca\/International\/wp-json\/wp\/v2\/posts\/81551","targetHints":{"allow":["GET"]}}],"collection":[{"href":"https:\/\/linitiative.ca\/International\/wp-json\/wp\/v2\/posts"}],"about":[{"href":"https:\/\/linitiative.ca\/International\/wp-json\/wp\/v2\/types\/post"}],"author":[{"embeddable":true,"href":"https:\/\/linitiative.ca\/International\/wp-json\/wp\/v2\/users\/1965"}],"replies":[{"embeddable":true,"href":"https:\/\/linitiative.ca\/International\/wp-json\/wp\/v2\/comments?post=81551"}],"version-history":[{"count":0,"href":"https:\/\/linitiative.ca\/International\/wp-json\/wp\/v2\/posts\/81551\/revisions"}],"wp:attachment":[{"href":"https:\/\/linitiative.ca\/International\/wp-json\/wp\/v2\/media?parent=81551"}],"wp:term":[{"taxonomy":"category","embeddable":true,"href":"https:\/\/linitiative.ca\/International\/wp-json\/wp\/v2\/categories?post=81551"},{"taxonomy":"post_tag","embeddable":true,"href":"https:\/\/linitiative.ca\/International\/wp-json\/wp\/v2\/tags?post=81551"}],"curies":[{"name":"wp","href":"https:\/\/api.w.org\/{rel}","templated":true}]}}