{"id":81552,"date":"2020-04-07T16:32:52","date_gmt":"2020-04-07T20:32:52","guid":{"rendered":"https:\/\/linitiative.ca\/International\/cameroun-coronavirus-allegement-de-mesure-a-douala\/"},"modified":"2020-04-07T16:32:52","modified_gmt":"2020-04-07T20:32:52","slug":"cameroun-coronavirus-allegement-de-mesure-a-douala","status":"publish","type":"post","link":"https:\/\/linitiative.ca\/International\/cameroun-coronavirus-allegement-de-mesure-a-douala\/","title":{"rendered":"Cameroun-Coronavirus : all\u00e8gement de mesure \u00e0  Douala"},"content":{"rendered":"<div readability=\"32\">\n<p>Publi\u00e9 le 07.04.2020 \u00e0 21h32 par journal du cameroun<\/p>\n<\/div>\n<div readability=\"60\">\n<h2 class=\"c4\">Apr\u00e8s avoir interdit l\u2019ouverture des d\u00e9bits de boisson, les autorit\u00e9s de la ville op\u00e8rent un r\u00e9trop\u00e9dalage.<\/h2>\n<p class=\"c5\">Un message port\u00e9 du pr\u00e9fet du d\u00e9partement du Wouri (qui abrite la ville de Douala), dans la r\u00e9gion du Littoral informe que le patron de cette r\u00e9gion revient sur une d\u00e9cision.<\/p>\n<p class=\"c5\">Ce 06 avril, le pr\u00e9fet Benjamin Mboutou instruit tous les sous-pr\u00e9fets, responsables de s\u00e9curit\u00e9, le maire de la ville de Douala et les maires d\u2019arrondissement que le gouverneur suspend sa d\u00e9cision du 02 avril portant fermeture de d\u00e9bits de boissons. La mesure s\u2019\u00e9tendait \u00e0 tous les points de vente de boisson.<\/p>\n<p class=\"c5\">A la place, les points sus cit\u00e9s ne devront fermer qu\u2019\u00e0 partir de 18 h conform\u00e9ment aux <em>\u00ab\u00a0mesures prescrites par le Premier ministre\u00a0\u00bb<\/em>.<\/p>\n<p class=\"c5\">En effet, parmi les 13 mesures du gouvernement du <strong>Cameroun<\/strong> de lutte contre la propagation du virus, figure la fermeture des points de vente de boissons d\u00e8s 18h.<\/p>\n<p class=\"c5\">Seulement, certains gouverneurs, \u00e0 l\u2019instar de ceux des r\u00e9gions du Littoral, de l\u2019Adamaoua ou de l\u2019Est, avaient d\u00e9cid\u00e9 de fermer purement et simplement les points de vente.<\/p>\n<p class=\"c5\">Le gouverneur du Littoral revient sur cette d\u00e9cision.<\/p>\n<\/div>\n<p>Auteur: Ludovic Amara<br \/>\n<a href=\"https:\/\/www.journalducameroun.com\/cameroun-coronavirus-allegement-de-mesure-a-douala-cameroun\/\">Cliquez ici pour lire l&rsquo;article depuis sa source.<\/a><\/p>\n","protected":false},"excerpt":{"rendered":"<p>Publi\u00e9 le 07.04.2020 \u00e0 21h32 par journal du cameroun Apr\u00e8s avoir interdit l\u2019ouverture des d\u00e9bits de boisson, les autorit\u00e9s de la ville op\u00e8rent un r\u00e9trop\u00e9dalage. Un message port\u00e9 du pr\u00e9fet du d\u00e9partement du Wouri (qui abrite la ville de Douala), dans la r\u00e9gion du Littoral informe que le patron de cette r\u00e9gion revient sur une [&hellip;]<\/p>\n","protected":false},"author":1965,"featured_media":0,"comment_status":"closed","ping_status":"closed","sticky":false,"template":"","format":"standard","meta":{"fifu_image_url":"","fifu_image_alt":"","footnotes":""},"categories":[73,82],"tags":[],"class_list":["post-81552","post","type-post","status-publish","format-standard","hentry","category-actualite","category-cameroun"],"_links":{"self":[{"href":"https:\/\/linitiative.ca\/International\/wp-json\/wp\/v2\/posts\/81552","targetHints":{"allow":["GET"]}}],"collection":[{"href":"https:\/\/linitiative.ca\/International\/wp-json\/wp\/v2\/posts"}],"about":[{"href":"https:\/\/linitiative.ca\/International\/wp-json\/wp\/v2\/types\/post"}],"author":[{"embeddable":true,"href":"https:\/\/linitiative.ca\/International\/wp-json\/wp\/v2\/users\/1965"}],"replies":[{"embeddable":true,"href":"https:\/\/linitiative.ca\/International\/wp-json\/wp\/v2\/comments?post=81552"}],"version-history":[{"count":0,"href":"https:\/\/linitiative.ca\/International\/wp-json\/wp\/v2\/posts\/81552\/revisions"}],"wp:attachment":[{"href":"https:\/\/linitiative.ca\/International\/wp-json\/wp\/v2\/media?parent=81552"}],"wp:term":[{"taxonomy":"category","embeddable":true,"href":"https:\/\/linitiative.ca\/International\/wp-json\/wp\/v2\/categories?post=81552"},{"taxonomy":"post_tag","embeddable":true,"href":"https:\/\/linitiative.ca\/International\/wp-json\/wp\/v2\/tags?post=81552"}],"curies":[{"name":"wp","href":"https:\/\/api.w.org\/{rel}","templated":true}]}}