{"id":81553,"date":"2020-04-07T17:18:03","date_gmt":"2020-04-07T21:18:03","guid":{"rendered":"https:\/\/linitiative.ca\/International\/maroc-le-roi-mohammed-vi-charge-lactuel-ministre-de-leducation-nationale-des-fonctions-de-porte-parole-du-gouvernement\/"},"modified":"2020-04-07T17:18:03","modified_gmt":"2020-04-07T21:18:03","slug":"maroc-le-roi-mohammed-vi-charge-lactuel-ministre-de-leducation-nationale-des-fonctions-de-porte-parole-du-gouvernement","status":"publish","type":"post","link":"https:\/\/linitiative.ca\/International\/maroc-le-roi-mohammed-vi-charge-lactuel-ministre-de-leducation-nationale-des-fonctions-de-porte-parole-du-gouvernement\/","title":{"rendered":"Maroc : Le Roi Mohammed VI charge l\u2019actuel ministre de l\u2019\u00e9ducation nationale des fonctions de porte-parole du gouvernement"},"content":{"rendered":"<div readability=\"32\">\n<p>Publi\u00e9 le 07.04.2020 \u00e0 22h18 par APA News<\/p>\n<\/div>\n<div readability=\"61\">\n<p>Le Roi Mohammed VI a re\u00e7u, mardi \u00e0 Casablanca, M. Saaid Amzazi, actuel ministre de l\u2019\u00e9ducation nationale, de la formation professionnelle, de l\u2019enseignement sup\u00e9rieur et de la recherche scientifique, et l\u2019a charg\u00e9 des fonctions \u00a0de porte-parole de gouvernement.Cette nomination a eu lieu conform\u00e9ment aux dispositions de l\u2019article 47 de la Constitution et sur proposition du chef du gouvernement.<\/p>\n<p>Le Souverain a \u00e9galement nomm\u00e9 Othman El Firdaouss, \u00a0en tant que ministre de la culture, de la jeunesse et des sports, en remplacement de Hassan Abyaba, qui occupait \u00e9galement la fonction de porte-parole du gouvernement.<\/p>\n<p>Les deux responsables sont membres du parti de l\u2019Union constitutionnelle (UC), une formation de la coalition gouvernementale, men\u00e9e par le parti Justice et D\u00e9veloppement (PJD).<\/p>\n<p>Pour rappel, le gouvernement actuel a subi un remaniement en octobre 2019 avec une r\u00e9duction des portefeuilles \u00e0 23 ministres. Ce gouvernement remani\u00e9 faisait suite au discours royal \u00e0 l\u2019occasion de la f\u00eate du Tr\u00f4ne en juillet 2019, et dans lequel le souverain a appel\u00e9 \u00e0 renouveler et \u00e0 enrichir l\u2019ex\u00e9cutif par des comp\u00e9tences aux diff\u00e9rents postes et niveaux de responsabilit\u00e9 pour accompagner une nouvelle g\u00e9n\u00e9ration de r\u00e9formes.<\/p>\n<\/div>\n<p>Auteur: APA News<br \/>\n<a href=\"https:\/\/www.journalducameroun.com\/maroc-le-roi-mohammed-vi-charge-lactuel-ministre-de-leducation-nationale-des-fonctions-de-porte-parole-du-gouvernement\/\">Cliquez ici pour lire l&rsquo;article depuis sa source.<\/a><\/p>\n","protected":false},"excerpt":{"rendered":"<p>Publi\u00e9 le 07.04.2020 \u00e0 22h18 par APA News Le Roi Mohammed VI a re\u00e7u, mardi \u00e0 Casablanca, M. Saaid Amzazi, actuel ministre de l\u2019\u00e9ducation nationale, de la formation professionnelle, de l\u2019enseignement sup\u00e9rieur et de la recherche scientifique, et l\u2019a charg\u00e9 des fonctions \u00a0de porte-parole de gouvernement.Cette nomination a eu lieu conform\u00e9ment aux dispositions de l\u2019article [&hellip;]<\/p>\n","protected":false},"author":1965,"featured_media":0,"comment_status":"closed","ping_status":"closed","sticky":false,"template":"","format":"standard","meta":{"fifu_image_url":"","fifu_image_alt":"","footnotes":""},"categories":[73,82],"tags":[],"class_list":["post-81553","post","type-post","status-publish","format-standard","hentry","category-actualite","category-cameroun"],"_links":{"self":[{"href":"https:\/\/linitiative.ca\/International\/wp-json\/wp\/v2\/posts\/81553","targetHints":{"allow":["GET"]}}],"collection":[{"href":"https:\/\/linitiative.ca\/International\/wp-json\/wp\/v2\/posts"}],"about":[{"href":"https:\/\/linitiative.ca\/International\/wp-json\/wp\/v2\/types\/post"}],"author":[{"embeddable":true,"href":"https:\/\/linitiative.ca\/International\/wp-json\/wp\/v2\/users\/1965"}],"replies":[{"embeddable":true,"href":"https:\/\/linitiative.ca\/International\/wp-json\/wp\/v2\/comments?post=81553"}],"version-history":[{"count":0,"href":"https:\/\/linitiative.ca\/International\/wp-json\/wp\/v2\/posts\/81553\/revisions"}],"wp:attachment":[{"href":"https:\/\/linitiative.ca\/International\/wp-json\/wp\/v2\/media?parent=81553"}],"wp:term":[{"taxonomy":"category","embeddable":true,"href":"https:\/\/linitiative.ca\/International\/wp-json\/wp\/v2\/categories?post=81553"},{"taxonomy":"post_tag","embeddable":true,"href":"https:\/\/linitiative.ca\/International\/wp-json\/wp\/v2\/tags?post=81553"}],"curies":[{"name":"wp","href":"https:\/\/api.w.org\/{rel}","templated":true}]}}