{"id":81554,"date":"2020-04-07T17:19:31","date_gmt":"2020-04-07T21:19:31","guid":{"rendered":"https:\/\/linitiative.ca\/International\/cameroun-coronavirus-plus-de-1000-appels-par-jour-au-1510\/"},"modified":"2020-04-07T17:19:31","modified_gmt":"2020-04-07T21:19:31","slug":"cameroun-coronavirus-plus-de-1000-appels-par-jour-au-1510","status":"publish","type":"post","link":"https:\/\/linitiative.ca\/International\/cameroun-coronavirus-plus-de-1000-appels-par-jour-au-1510\/","title":{"rendered":"Cameroun-Coronavirus : plus de 1000 appels par jour au 1510"},"content":{"rendered":"<div readability=\"32\">\n<p>Publi\u00e9 le 07.04.2020 \u00e0 22h19 par journal du cameroun<\/p>\n<\/div>\n<div readability=\"57\">\n<h2 class=\"c4\">Satur\u00e9, le Centre d\u2019appel de Yaound\u00e9 envisage de d\u00e9localiser dans les r\u00e9gions ou le virus a \u00e9t\u00e9 enregistr\u00e9.<\/h2>\n<p class=\"c5\">Les responsables du Centre d\u2019appel sur le coronavirus le reconnaissent\u00a0: le 1510 \u00a0est d\u00e9j\u00e0 satur\u00e9.<\/p>\n<p class=\"c5\"><em>\u00ab\u00a0Cela s\u2019explique par le nombre d\u2019appel \u00e9lev\u00e9\u00a0\u00bb,<\/em> explique le Dr Linda Esso du Centre. <em>\u00ab\u00a0Avec l\u2019augmentation du nombre de personnes qui auraient eu des contacts avec les malades qui seraient pass\u00e9s par des pays victimes de l\u2019\u00e9pid\u00e9mie, le nombre de personnes qui appellent le 1510 est de plus en plus \u00e9lev\u00e9\u00a0\u00bb<\/em>, ajoute-t-elle.<\/p>\n<p class=\"c5\">Cons\u00e9quence, le centre d\u2019appel de Yaound\u00e9 re\u00e7oit <em>\u00ab\u00a0plus de 1000 appels par jour\u00a0\u00bb,<\/em> r\u00e9v\u00e8le-t-elle.<\/p>\n<p class=\"c5\">Les autorit\u00e9s envisagent pour cela de d\u00e9centraliser ces centres, de m\u00eame que le centre des op\u00e9rations.<\/p>\n<p class=\"c5\">Le 30 mars dernier, l\u2019Agence de r\u00e9gulation des t\u00e9l\u00e9communications (Art) demandait aux op\u00e9rateurs de t\u00e9l\u00e9phonie du Cameroun de <em>\u00ab\u00a0s\u2019assurer permanemment que les num\u00e9ros d\u2019appels d\u2019urgence et d\u2019utilit\u00e9 publique, notamment le 1510\u00a0\u00bb,<\/em> soient fonctionnels.<\/p>\n<\/div>\n<p>Auteur: Ludovic Amara<br \/>\n<a href=\"https:\/\/www.journalducameroun.com\/cameroun-coronavirus-plus-de-1000-appels-par-jour-au-1510-cameroun\/\">Cliquez ici pour lire l&rsquo;article depuis sa source.<\/a><\/p>\n","protected":false},"excerpt":{"rendered":"<p>Publi\u00e9 le 07.04.2020 \u00e0 22h19 par journal du cameroun Satur\u00e9, le Centre d\u2019appel de Yaound\u00e9 envisage de d\u00e9localiser dans les r\u00e9gions ou le virus a \u00e9t\u00e9 enregistr\u00e9. Les responsables du Centre d\u2019appel sur le coronavirus le reconnaissent\u00a0: le 1510 \u00a0est d\u00e9j\u00e0 satur\u00e9. \u00ab\u00a0Cela s\u2019explique par le nombre d\u2019appel \u00e9lev\u00e9\u00a0\u00bb, explique le Dr Linda Esso du [&hellip;]<\/p>\n","protected":false},"author":1965,"featured_media":0,"comment_status":"closed","ping_status":"closed","sticky":false,"template":"","format":"standard","meta":{"fifu_image_url":"","fifu_image_alt":"","footnotes":""},"categories":[73,82],"tags":[],"class_list":["post-81554","post","type-post","status-publish","format-standard","hentry","category-actualite","category-cameroun"],"_links":{"self":[{"href":"https:\/\/linitiative.ca\/International\/wp-json\/wp\/v2\/posts\/81554","targetHints":{"allow":["GET"]}}],"collection":[{"href":"https:\/\/linitiative.ca\/International\/wp-json\/wp\/v2\/posts"}],"about":[{"href":"https:\/\/linitiative.ca\/International\/wp-json\/wp\/v2\/types\/post"}],"author":[{"embeddable":true,"href":"https:\/\/linitiative.ca\/International\/wp-json\/wp\/v2\/users\/1965"}],"replies":[{"embeddable":true,"href":"https:\/\/linitiative.ca\/International\/wp-json\/wp\/v2\/comments?post=81554"}],"version-history":[{"count":0,"href":"https:\/\/linitiative.ca\/International\/wp-json\/wp\/v2\/posts\/81554\/revisions"}],"wp:attachment":[{"href":"https:\/\/linitiative.ca\/International\/wp-json\/wp\/v2\/media?parent=81554"}],"wp:term":[{"taxonomy":"category","embeddable":true,"href":"https:\/\/linitiative.ca\/International\/wp-json\/wp\/v2\/categories?post=81554"},{"taxonomy":"post_tag","embeddable":true,"href":"https:\/\/linitiative.ca\/International\/wp-json\/wp\/v2\/tags?post=81554"}],"curies":[{"name":"wp","href":"https:\/\/api.w.org\/{rel}","templated":true}]}}