{"id":81555,"date":"2020-04-07T15:18:44","date_gmt":"2020-04-07T19:18:44","guid":{"rendered":"https:\/\/linitiative.ca\/International\/coronavirus-le-nord-ouest-enregistre-son-premier-cas-positif\/"},"modified":"2020-04-07T15:18:44","modified_gmt":"2020-04-07T19:18:44","slug":"coronavirus-le-nord-ouest-enregistre-son-premier-cas-positif","status":"publish","type":"post","link":"https:\/\/linitiative.ca\/International\/coronavirus-le-nord-ouest-enregistre-son-premier-cas-positif\/","title":{"rendered":"Coronavirus : le Nord-Ouest enregistre son premier cas positif"},"content":{"rendered":"<div id=\"the-post\">\n<div class=\"featured-area featured-area-inner\"><img loading=\"lazy\" decoding=\"async\" width=\"780\" height=\"426\" src=\"https:\/\/ecomatin.net\/wp-content\/uploads\/2020\/04\/bamenda-780x426.png\" class=\"attachment-jannah-image-post size-jannah-image-post wp-post-image\" alt=\"\" data-attachment-id=\"14818\" data-permalink=\"https:\/\/ecomatin.net\/coronavirus-le-nord-ouest-enregistre-son-premier-cas-positif\/bamenda\/\" data-orig-file=\"https:\/\/ecomatin.net\/wp-content\/uploads\/2020\/04\/bamenda.png\" data-orig-size=\"799,426\" data-comments-opened=\"0\" data-image-meta=\"{&quot;aperture&quot;:&quot;0&quot;,&quot;credit&quot;:&quot;&quot;,&quot;camera&quot;:&quot;&quot;,&quot;caption&quot;:&quot;&quot;,&quot;created_timestamp&quot;:&quot;0&quot;,&quot;copyright&quot;:&quot;&quot;,&quot;focal_length&quot;:&quot;0&quot;,&quot;iso&quot;:&quot;0&quot;,&quot;shutter_speed&quot;:&quot;0&quot;,&quot;title&quot;:&quot;&quot;,&quot;orientation&quot;:&quot;0&quot;}\" data-image-title=\"bamenda\" data-image-description=\"\" data-medium-file=\"https:\/\/ecomatin.net\/wp-content\/uploads\/2020\/04\/bamenda-300x160.png\" data-large-file=\"https:\/\/ecomatin.net\/wp-content\/uploads\/2020\/04\/bamenda.png\"\/><\/div>\n<div class=\"entry-content entry clearfix\" readability=\"40.908032596\">\n<p>Il ressort de la r\u00e9union d\u2019\u00e9valuation de la situation du Coronavirus dans la r\u00e9gion du Nord-Ouest, tenue le 6 avril 2020 par le gouverneur Adolphe Lele Lafrique, que cette derni\u00e8re compte son premier cas de Covid-19. Il s\u2019agit d\u2019une femme en provenance du Kenya qui n\u2019a pas respect\u00e9 les mesures de quarantaine et qui s\u2019est rendue \u00e0 Bamenda, chef-lieu de cette r\u00e9gion en empruntant les transports en commun.<\/p>\n<p>Dans un communiqu\u00e9 rendu public par ses soins, Adolphe Lele Lafrique invite les populations du Nord-Ouest \u00e0 se procurer des masques, des solutions hydro-alcooliques et d\u00e9sinfectants pour les mains uniquement homologu\u00e9s par le ministre de la Sant\u00e9 publique.<\/p>\n<p>A la suite de cette r\u00e9union, plusieurs mesures concernant cette r\u00e9gion ont \u00e9t\u00e9 \u00e9dict\u00e9es. Notamment la consommation \u00e0 l\u2019int\u00e9rieur ou aux abords des d\u00e9bits de boisson est d\u00e9sormais proscrite dans toute la r\u00e9gion, les mesures prescrites par le gouvernement pour lutter contre la propagation du Coronavirus seront \u00e9galement renforc\u00e9es.<\/p>\n<p>Notons que la r\u00e9gion du Nord-Ouest vient s\u2019ajouter aux autres foyers de la pand\u00e9mie que sont\u00a0Centre, Littoral, Sud-Ouest et Ouest.<\/p>\n<div class=\"awac-wrapper awac widget posts-list-widget-13\">\n<h4 class=\"widget-title\">Recent Posts<\/h4>\n<\/div>\n<\/div>\n<\/div>\n<div readability=\"31.5\">\n<div class=\"container-wrapper subscribe-widget widget-inner-wrap subscribe-widget-content\" id=\"post-newsletter\" readability=\"33\">\n<h4>With Product You Purchase<\/h4>\n<h3>Subscribe to our mailing list to get the new updates!<\/h3>\n<p>Lorem ipsum dolor sit amet, consectetur.<\/p>\n<\/div>\n<\/div>\n<p>Auteur: EcoMatin<br \/>\n<a href=\"https:\/\/ecomatin.net\/coronavirus-le-nord-ouest-enregistre-son-premier-cas-positif\/\">Cliquez ici pour lire l&rsquo;article depuis sa source.<\/a><\/p>\n","protected":false},"excerpt":{"rendered":"<p>Il ressort de la r\u00e9union d\u2019\u00e9valuation de la situation du Coronavirus dans la r\u00e9gion du Nord-Ouest, tenue le 6 avril 2020 par le gouverneur Adolphe Lele Lafrique, que cette derni\u00e8re compte son premier cas de Covid-19. Il s\u2019agit d\u2019une femme en provenance du Kenya qui n\u2019a pas respect\u00e9 les mesures de quarantaine et qui s\u2019est [&hellip;]<\/p>\n","protected":false},"author":1969,"featured_media":81556,"comment_status":"closed","ping_status":"closed","sticky":false,"template":"","format":"standard","meta":{"fifu_image_url":"","fifu_image_alt":"","footnotes":""},"categories":[82,78],"tags":[],"class_list":["post-81555","post","type-post","status-publish","format-standard","has-post-thumbnail","hentry","category-cameroun","category-economie"],"_links":{"self":[{"href":"https:\/\/linitiative.ca\/International\/wp-json\/wp\/v2\/posts\/81555","targetHints":{"allow":["GET"]}}],"collection":[{"href":"https:\/\/linitiative.ca\/International\/wp-json\/wp\/v2\/posts"}],"about":[{"href":"https:\/\/linitiative.ca\/International\/wp-json\/wp\/v2\/types\/post"}],"author":[{"embeddable":true,"href":"https:\/\/linitiative.ca\/International\/wp-json\/wp\/v2\/users\/1969"}],"replies":[{"embeddable":true,"href":"https:\/\/linitiative.ca\/International\/wp-json\/wp\/v2\/comments?post=81555"}],"version-history":[{"count":0,"href":"https:\/\/linitiative.ca\/International\/wp-json\/wp\/v2\/posts\/81555\/revisions"}],"wp:featuredmedia":[{"embeddable":true,"href":"https:\/\/linitiative.ca\/International\/wp-json\/"}],"wp:attachment":[{"href":"https:\/\/linitiative.ca\/International\/wp-json\/wp\/v2\/media?parent=81555"}],"wp:term":[{"taxonomy":"category","embeddable":true,"href":"https:\/\/linitiative.ca\/International\/wp-json\/wp\/v2\/categories?post=81555"},{"taxonomy":"post_tag","embeddable":true,"href":"https:\/\/linitiative.ca\/International\/wp-json\/wp\/v2\/tags?post=81555"}],"curies":[{"name":"wp","href":"https:\/\/api.w.org\/{rel}","templated":true}]}}