{"id":81557,"date":"2020-04-07T15:26:00","date_gmt":"2020-04-07T19:26:00","guid":{"rendered":"https:\/\/linitiative.ca\/International\/coronavirus-les-collectes-de-fonds-contre-le-covid-19-interdites-au-cameroun\/"},"modified":"2020-04-07T15:26:00","modified_gmt":"2020-04-07T19:26:00","slug":"coronavirus-les-collectes-de-fonds-contre-le-covid-19-interdites-au-cameroun","status":"publish","type":"post","link":"https:\/\/linitiative.ca\/International\/coronavirus-les-collectes-de-fonds-contre-le-covid-19-interdites-au-cameroun\/","title":{"rendered":"Coronavirus : les collectes de fonds contre le Covid-19 interdites au Cameroun"},"content":{"rendered":"<p>Le ministre de l\u2019Administration territoriale (Minat) vient de faire une nouvelle sortie qui fera sans doute jaser au sein de l\u2019opinion publique camerounaise. Paul Atanga Nji a en effet rendu public un communiqu\u00e9 le 7 avril 2020, dans lequel il commande la fin des collectes de fonds aupr\u00e8s des populations en dehors du Fonds sp\u00e9cial mis en place par le pr\u00e9sident de la R\u00e9publique Paul Biya, dans le cadre de la r\u00e9ponse \u00e0 la pand\u00e9mie de coronavirus qui s\u2019\u00e9tend au Cameroun.<\/p>\n<p>Dans son communiqu\u00e9, le ministre de l\u2019Administration territoriale \u00ab\u00a0invite tous ceux qui ont entrepris des collectes de fonds en marge des textes, \u00e0 y mettre fin imm\u00e9diatement, \u00e0 faire cl\u00f4turer tout compte bancaire ouvert \u00e0 cet effet et \u00e0 lui en rendre compte dans les meilleurs d\u00e9lais, sans pr\u00e9judice des sanctions pr\u00e9vues par la l\u00e9gislation en vigueur\u00a0\u00bb.<\/p>\n<p>Paul Atanga Nji invite par ailleurs les banques commerciales et \u00e0 tous les \u00e9tablissements de microfinance dans lesquels ce type de comptes auraient \u00e9t\u00e9 cr\u00e9\u00e9es, sans bases l\u00e9gales, de proc\u00e9der imm\u00e9diatement \u00e0 la cl\u00f4ture desdits comptes qui ne pourront \u00eatre rouverts que son autorisation expresse.<\/p>\n<p>Cette sortie du Minat tient lieu de ce qu\u2019il a constat\u00e9 que \u00ab\u00a0certains leaders de partis politiques et d\u2019associations ont lanc\u00e9 des appels \u00e0 la g\u00e9n\u00e9rosit\u00e9 publique en vue de collecter des fonds pour aider les populations et le gouvernement \u00e0 lutter contre la propagation du coronavirus au Cameroun. Il fait sans doute r\u00e9f\u00e9rence \u00e0 Maurice Kamto, leader du Mouvement pour la renaissance du Cameroun (MRC) qui laisse envisager une collecte de fonds\u00a0; \u00e0 Cabral Libii, pr\u00e9sident et d\u00e9put\u00e9 du Parti camerounais pour la R\u00e9conciliation nationale (PCRN) ainsi que sa camarade d\u00e9put\u00e9 Nourane, qui ont lanc\u00e9 des collectes de fonds en vue d\u2019apporter du soutien dans leurs bases politiques.<\/p>\n<p>Pour le ministre Atanga Nji, ces initiatives ne cadrent pas tout simplement avec la loi qui r\u00e9git ce type d\u2019activit\u00e9 en cas de crise ou de catastrophe. Aussi, rappelle qu\u2019il s\u2019agit de la loi n\u00b083\/002 du 21 juillet 1983 r\u00e9gissant les appels \u00e0 g\u00e9n\u00e9rosit\u00e9 publique et le d\u00e9cret n\u00b085\/1131 du 14 ao\u00fbt 1985 fixant les conditions d\u2019octroi de l\u2019autorisation d\u2019appel \u00e0 la g\u00e9n\u00e9rosit\u00e9 publique.<\/p>\n<p>D\u2019apr\u00e8s le patron du commandement territorial au Cameroun, \u00ab\u00a0les dispositions de ces textes interdisent formellement \u00e0 tout individu et \u00e0 toute organisation de quelque nature que ce soit, de faire appel \u00e0 la g\u00e9n\u00e9rosit\u00e9 publique sans au pr\u00e9alable avoir obtenu l\u2019autorisation du ministre en charge de l\u2019Administration territoriale\u00a0\u00bb. Et Paul Atanga Nji de rappeler que tous les contrevenants \u00e0 ces dispositions l\u00e9gales, et encore plus \u00e0 ses injonctions, s\u2019exposent aux sanctions pr\u00e9vues par les textes.<\/p>\n<p>Rappelons que la situation sanitaire dans le pays est marqu\u00e9e par une progression de plus en plus rapide de la propagation de la maladie \u00e0 Covid-19. Le gouvernement a mis sur pied un Fonds sp\u00e9cial de solidarit\u00e9 nationale, initialement dot\u00e9 de 1 milliard de FCFA, pour financer les op\u00e9rations relevant de la strat\u00e9gie de riposte contre la propagation du coronavirus.<\/p>\n<div class=\"awac-wrapper awac widget posts-list-widget-13\">\n<h4 class=\"widget-title\">Recent Posts<\/h4>\n<\/div>\n<p>Auteur: EcoMatin<br \/>\n<a href=\"https:\/\/ecomatin.net\/coronavirus-les-collectes-de-fonds-contre-le-covid-19-interdites-au-cameroun\/\">Cliquez ici pour lire l&rsquo;article depuis sa source.<\/a><\/p>\n","protected":false},"excerpt":{"rendered":"<p>Le ministre de l\u2019Administration territoriale (Minat) vient de faire une nouvelle sortie qui fera sans doute jaser au sein de l\u2019opinion publique camerounaise. Paul Atanga Nji a en effet rendu public un communiqu\u00e9 le 7 avril 2020, dans lequel il commande la fin des collectes de fonds aupr\u00e8s des populations en dehors du Fonds sp\u00e9cial [&hellip;]<\/p>\n","protected":false},"author":1969,"featured_media":0,"comment_status":"closed","ping_status":"closed","sticky":false,"template":"","format":"standard","meta":{"fifu_image_url":"","fifu_image_alt":"","footnotes":""},"categories":[82,78],"tags":[],"class_list":["post-81557","post","type-post","status-publish","format-standard","hentry","category-cameroun","category-economie"],"_links":{"self":[{"href":"https:\/\/linitiative.ca\/International\/wp-json\/wp\/v2\/posts\/81557","targetHints":{"allow":["GET"]}}],"collection":[{"href":"https:\/\/linitiative.ca\/International\/wp-json\/wp\/v2\/posts"}],"about":[{"href":"https:\/\/linitiative.ca\/International\/wp-json\/wp\/v2\/types\/post"}],"author":[{"embeddable":true,"href":"https:\/\/linitiative.ca\/International\/wp-json\/wp\/v2\/users\/1969"}],"replies":[{"embeddable":true,"href":"https:\/\/linitiative.ca\/International\/wp-json\/wp\/v2\/comments?post=81557"}],"version-history":[{"count":0,"href":"https:\/\/linitiative.ca\/International\/wp-json\/wp\/v2\/posts\/81557\/revisions"}],"wp:attachment":[{"href":"https:\/\/linitiative.ca\/International\/wp-json\/wp\/v2\/media?parent=81557"}],"wp:term":[{"taxonomy":"category","embeddable":true,"href":"https:\/\/linitiative.ca\/International\/wp-json\/wp\/v2\/categories?post=81557"},{"taxonomy":"post_tag","embeddable":true,"href":"https:\/\/linitiative.ca\/International\/wp-json\/wp\/v2\/tags?post=81557"}],"curies":[{"name":"wp","href":"https:\/\/api.w.org\/{rel}","templated":true}]}}