{"id":81560,"date":"2020-04-07T15:46:20","date_gmt":"2020-04-07T19:46:20","guid":{"rendered":"https:\/\/linitiative.ca\/International\/15-milliard-de-recettes-fiscales-dans-le-nord-au-1er-trimestre\/"},"modified":"2020-04-07T15:46:20","modified_gmt":"2020-04-07T19:46:20","slug":"15-milliard-de-recettes-fiscales-dans-le-nord-au-1er-trimestre","status":"publish","type":"post","link":"https:\/\/linitiative.ca\/International\/15-milliard-de-recettes-fiscales-dans-le-nord-au-1er-trimestre\/","title":{"rendered":"1,5 milliard de recettes fiscales dans le Nord au 1er trimestre"},"content":{"rendered":"<p>La pand\u00e9mie Covid-19 est jusqu\u2019\u00e0 ce jour rest\u00e9e sans impact n\u00e9gatif direct sur les recettes douani\u00e8res et fiscales comptant pour le premier trimestre de l\u2019ann\u00e9e 2020 dans la r\u00e9gion du Nord.\u00a0Ignace Blaise Mbarga, chef du centre r\u00e9gional des imp\u00f4ts du Nord, a\u00a0annonc\u00e9\u00a0que la somme de 1,5 milliard de FCFA\u00a0a \u00e9t\u00e9 collect\u00e9e durant cette p\u00e9riode. Tout en pr\u00e9cisant d\u2019un autre cot\u00e9 qu\u2019il avait \u00e9t\u00e9 pr\u00e9vu pour de r\u00e9aliser un chiffre de 1,743 milliard de FCFA.\u00a0\u00a0\u00a0<\/p>\n<p>Ces r\u00e9sultats sont pour les experts assez appr\u00e9ciables. \u00ab\u00a0Les chiffres sont plut\u00f4t bons\u00a0\u00bb, note le chef de centre. Ce r\u00e9sultat, dans une certaine mesure, a \u00e9t\u00e9 incit\u00e9.\u00a0\u00a0En effet,\u00a0\u00ab les strat\u00e9gies mises en place par notre hi\u00e9rarchie nous conduisent \u00e0 r\u00e9sister. Les services d\u2019assiette ont un r\u00f4le particulier en toute circonstance. Il s\u2019agit de tout faire pour que les ressources soient mobilis\u00e9es. L\u2019Etat a besoin d\u2019argent pour faire face aux besoins \u00bb,a soutenu\u00a0Ignace Blaise Mbarga, pour mettre la lumi\u00e8re sur l\u2019organisation qui a impuls\u00e9 cette performance.<\/p>\n<p>Cependant, il y a lieu d\u2019\u00eatre prudent et de demeurer vigilant. Les inspecteurs des imp\u00f4ts du Nord\u00a0sont bien conscients que\u00a0<em>les<\/em> effets du coronavirus vont commencer \u00e0 se faire ressentir \u00e0 partir du mois d\u2019avril.<\/p>\n<p>Pour ce qui est du secteur des douanes, la morosit\u00e9 de la p\u00e9riode due \u00e0 la pand\u00e9mie n\u2019a que tr\u00e8s peu agi sur les projections ;\u00a0sur une pr\u00e9vision des recettes de 1,1 milliard de FCFA,\u00a0c\u2019est finalement\u00a01,215 milliard qui ont \u00e9t\u00e9 mobilis\u00e9s. Le taux de r\u00e9alisation est ici\u00a0120%.\u00a0\u00a0Durant le mois de mars particuli\u00e8rement,\u00a0sur un objectif de\u00a0374 millions, le secteur a pu mobiliser\u00a0402 millions de FCFA.<\/p>\n<p>Il convient de relever qu\u2019\u00e9tant donn\u00e9 la fermeture des fronti\u00e8res avec le Tchad et le Nig\u00e9ria, le mois d\u2019avril 2020 s\u2019annonce difficile. \u00ab <em>C\u2019est \u00e0 partir de ce mois d\u2019avril que nous allons commencer \u00e0 ressentir les effets du coronavirus \u00bb<\/em>, explique\u00a0S\u00e9raphin Bello, chef secteur des Douanes du Nord.<\/p>\n<p>Les r\u00e9alisations cumul\u00e9es de l\u2019administration des imp\u00f4ts et celle des douanes pour le 1<sup>er<\/sup>\u00a0trimestre 2020 s\u2019\u00e9l\u00e8vent \u00e0\u00a02,7milliards\u00a0de FCFA environ.<\/p>\n<div class=\"awac-wrapper awac widget posts-list-widget-13\">\n<h4 class=\"widget-title\">Recent Posts<\/h4>\n<\/div>\n<p>Auteur: EcoMatin<br \/>\n<a href=\"https:\/\/ecomatin.net\/15-milliard-de-recettes-fiscales-dans-le-nord-au-1er-trimestre\/\">Cliquez ici pour lire l&rsquo;article depuis sa source.<\/a><\/p>\n","protected":false},"excerpt":{"rendered":"<p>La pand\u00e9mie Covid-19 est jusqu\u2019\u00e0 ce jour rest\u00e9e sans impact n\u00e9gatif direct sur les recettes douani\u00e8res et fiscales comptant pour le premier trimestre de l\u2019ann\u00e9e 2020 dans la r\u00e9gion du Nord.\u00a0Ignace Blaise Mbarga, chef du centre r\u00e9gional des imp\u00f4ts du Nord, a\u00a0annonc\u00e9\u00a0que la somme de 1,5 milliard de FCFA\u00a0a \u00e9t\u00e9 collect\u00e9e durant cette p\u00e9riode. Tout [&hellip;]<\/p>\n","protected":false},"author":1969,"featured_media":0,"comment_status":"closed","ping_status":"closed","sticky":false,"template":"","format":"standard","meta":{"fifu_image_url":"","fifu_image_alt":"","footnotes":""},"categories":[82,78],"tags":[],"class_list":["post-81560","post","type-post","status-publish","format-standard","hentry","category-cameroun","category-economie"],"_links":{"self":[{"href":"https:\/\/linitiative.ca\/International\/wp-json\/wp\/v2\/posts\/81560","targetHints":{"allow":["GET"]}}],"collection":[{"href":"https:\/\/linitiative.ca\/International\/wp-json\/wp\/v2\/posts"}],"about":[{"href":"https:\/\/linitiative.ca\/International\/wp-json\/wp\/v2\/types\/post"}],"author":[{"embeddable":true,"href":"https:\/\/linitiative.ca\/International\/wp-json\/wp\/v2\/users\/1969"}],"replies":[{"embeddable":true,"href":"https:\/\/linitiative.ca\/International\/wp-json\/wp\/v2\/comments?post=81560"}],"version-history":[{"count":0,"href":"https:\/\/linitiative.ca\/International\/wp-json\/wp\/v2\/posts\/81560\/revisions"}],"wp:attachment":[{"href":"https:\/\/linitiative.ca\/International\/wp-json\/wp\/v2\/media?parent=81560"}],"wp:term":[{"taxonomy":"category","embeddable":true,"href":"https:\/\/linitiative.ca\/International\/wp-json\/wp\/v2\/categories?post=81560"},{"taxonomy":"post_tag","embeddable":true,"href":"https:\/\/linitiative.ca\/International\/wp-json\/wp\/v2\/tags?post=81560"}],"curies":[{"name":"wp","href":"https:\/\/api.w.org\/{rel}","templated":true}]}}