{"id":81564,"date":"2020-04-08T09:00:36","date_gmt":"2020-04-08T13:00:36","guid":{"rendered":"https:\/\/linitiative.ca\/International\/batiment-les-professionnels-appeles-a-respecter-les-consignes\/"},"modified":"2020-04-08T09:00:36","modified_gmt":"2020-04-08T13:00:36","slug":"batiment-les-professionnels-appeles-a-respecter-les-consignes","status":"publish","type":"post","link":"https:\/\/linitiative.ca\/International\/batiment-les-professionnels-appeles-a-respecter-les-consignes\/","title":{"rendered":"B\u00e2timent : Les professionnels appel\u00e9s \u00e0 respecter les consignes"},"content":{"rendered":"<p><img decoding=\"async\" class=\"post_layout_5_img\" src=\"http:\/\/aujourdhui.ma\/wp-content\/uploads\/2020\/03\/BTP-Immobilier-Chantiers-de-construction.jpg?x29840\" alt=\"B&#xE2;timent : Les professionnels appel&#xE9;s &#xE0; respecter les consignes\"\/><\/p>\n<p><span class=\"c5\"><strong><span class=\"c4\">Sant\u00e9 des travailleurs sur les chantiers<\/span><\/strong><\/span><span id=\"more-340487\"\/><\/p>\n<p>Le minist\u00e8re de l\u2019am\u00e9nagement du territoire national, de l\u2019urbanisme, de l\u2019habitat et de la politique de la ville rappelle aux professionnels du secteur les mesures pr\u00e9ventives et consignes sanitaires \u00e0 respecter dans les lieux de travail et chantiers de construction. En effet, dans une note adress\u00e9e r\u00e9cemment au pr\u00e9sident du Conseil national de l\u2019ordre des architectes (CNOA), au pr\u00e9sident de l\u2019Ordre national des ing\u00e9nieurs g\u00e9om\u00e8tres-topographes (ONIGT), au pr\u00e9sident de la F\u00e9d\u00e9ration nationale du b\u00e2timent et travaux publics (FNBTP), au pr\u00e9sident de la F\u00e9d\u00e9ration des mat\u00e9riaux de construction (FMC), au pr\u00e9sident de la F\u00e9d\u00e9ration nationale de promoteurs immobiliers (FNPI), au pr\u00e9sident de la F\u00e9d\u00e9ration marocaine du conseil et de l\u2019ing\u00e9nierie (FMCI), au pr\u00e9sident de la F\u00e9d\u00e9ration marocaine d\u2019essai et de contr\u00f4le (FEDEC), au pr\u00e9sident de l\u2019Association professionnelle des cimentiers (APC) et au pr\u00e9sident de l\u2019Union nationale des petits promoteurs immobiliers (UNPPI), Nouzha Bouchareb a fait \u00e9tat des actions pr\u00e9ventives de la crise sanitaire dans le secteur du b\u00e2timent et de l\u2019immobilier. Elle a \u00e9galement d\u00e9voil\u00e9 les mesures sp\u00e9cifiques au secteur.<\/p>\n<p><strong>Att\u00e9nuer les risques dans les lieux de travail<\/strong><\/p>\n<p>Dans sa note, la ministre a mis l\u2019accent sur l\u2019engagement collectif du secteur du b\u00e2timent qui se traduit par la d\u00e9claration nationale du secteur du b\u00e2timent et de l\u2019immobilier face \u00e0 la pand\u00e9mie Covid-19 et la mise en \u0153uvre des engagements pris dans cette d\u00e9claration relative au renforcement de la s\u00e9curit\u00e9 sanitaire et l\u2019hygi\u00e8ne dans les espaces de travail. Elle a demand\u00e9 aux concern\u00e9s de veiller sur l\u2019application des mesures de pr\u00e9vention instaur\u00e9es qui permettent de pr\u00e9server la sant\u00e9 des travailleurs du secteur de la construction et de l\u2019immobilier et d\u2019att\u00e9nuer le risque de propagation de la pand\u00e9mie dans les lieux de travail (b\u00e2timents administratifs, usines et unit\u00e9s de production, chantiers de construction).<\/p>\n<p><strong>Propositions des actions pr\u00e9ventives sp\u00e9cifiques au secteur<\/strong><\/p>\n<p>Accompagnant ladite note, une s\u00e9rie de mesures pr\u00e9ventives et des consignes sanitaires strictes est propos\u00e9e par la tutelle. Concr\u00e8tement, il s\u2019agit de veiller au respect de l\u2019application des gestes d\u2019hygi\u00e8ne barri\u00e8res comme pr\u00e9voir plusieurs points d\u2019eau et des produits d\u00e9sinfectants pour le lavage des mains le plus fr\u00e9quemment possible, pr\u00e9voir au niveau de l\u2019entr\u00e9e du lieu de travail un thermom\u00e8tre avec un produit d\u00e9sinfectant pour le nettoyer afin de v\u00e9rifier la temp\u00e9rature des personnes entrantes, veiller \u00e0 ce que les proc\u00e9dures de cong\u00e9 maladie soient flexibles (accorder des autorisations sp\u00e9ciales pour les personnes vuln\u00e9rables, personnes \u00e2g\u00e9es, etc). Hormis les gestes barri\u00e8res classiques et qui s\u2019appliquent \u00e0 tous les types de lieux de travail, le minist\u00e8re propose aux professionnels de mettre en place des mesures particuli\u00e8rement dans les chantiers de construction, les usines et les sites de production comme de repenser l\u2019organisation des op\u00e9rations avec des postes de travail qui garantissent un \u00e9loignement minimum de 1m entre les op\u00e9rateurs, \u00e9viter au maximum la co-activit\u00e9 (ne pas r\u00e9aliser simultan\u00e9ment les t\u00e2ches dans un espace confin\u00e9), \u00e9viter le pr\u00eat de mat\u00e9riel et outillage entre les employ\u00e9s.<\/p>\n<p>De m\u00eame, en cas d\u2019impossibilit\u00e9, faire porter des gants ou pr\u00e9voir la d\u00e9sinfection de l\u2019outillage \u00e0 chaque pr\u00eat entre employ\u00e9s. Le minist\u00e8re appelle \u00e9galement \u00e0 mettre en place des journ\u00e9es altern\u00e9es ou des horaires de travail flexibles, ce qui permet de r\u00e9duire le nombre total d\u2019employ\u00e9s dans une installation \u00e0 un moment donn\u00e9 ou encore imposer aux \u00e9quipes une remont\u00e9e d\u2019information quotidienne des chantiers afin d\u2019identifier et de traiter les situations \u00e0 risque qui n\u2019ont pas \u00e9t\u00e9 anticip\u00e9es.<\/p>\n<p>Par ailleurs, la tutelle recommande aux concern\u00e9s de s\u2019assurer de l\u2019\u00e9vacuation des d\u00e9chets potentiellement contamin\u00e9s quotidiennement et envisager le report de certaines t\u00e2ches quand les conditions de s\u00e9curit\u00e9 ne sont plus remplies (manque de personnes form\u00e9es et habilit\u00e9es, manque d\u2019\u00e9quipements de protection individuelle (EPI), absence de mat\u00e9riels et mat\u00e9riaux, etc). Du c\u00f4t\u00e9 des mesures de contr\u00f4le d\u2019acc\u00e8s appropri\u00e9es, le minist\u00e8re pr\u00e9conise d\u2019introduire des heures de d\u00e9part et d\u2019arriv\u00e9e \u00e9chelonn\u00e9es pour r\u00e9duire les encombrements et les contacts \u00e0 tout moment et contr\u00f4ler les points d\u2019acc\u00e8s au site pour permettre la distanciation sociale. Selon ces consignes, il faut exiger que tous les travailleurs se lavent ou se nettoient les mains avant d\u2019entrer sur le site ou de le quitter. Pour les conducteurs, ils doivent rester dans leur v\u00e9hicule si le chargement le permet et doivent se laver ou se nettoyer les mains avant le d\u00e9chargement des marchandises et des mat\u00e9riaux.<\/p>\n<p>Auteur: Ouchagour Leila<br \/>\n<a href=\"http:\/\/aujourdhui.ma\/economie\/immobilier\/batiment-les-professionnels-appeles-a-respecter-les-consignes\">Cliquez ici pour lire l&rsquo;article depuis sa source.<\/a><\/p>\n","protected":false},"excerpt":{"rendered":"<p>Sant\u00e9 des travailleurs sur les chantiers Le minist\u00e8re de l\u2019am\u00e9nagement du territoire national, de l\u2019urbanisme, de l\u2019habitat et de la politique de la ville rappelle aux professionnels du secteur les mesures pr\u00e9ventives et consignes sanitaires \u00e0 respecter dans les lieux de travail et chantiers de construction. En effet, dans une note adress\u00e9e r\u00e9cemment au pr\u00e9sident [&hellip;]<\/p>\n","protected":false},"author":1759,"featured_media":0,"comment_status":"closed","ping_status":"closed","sticky":false,"template":"","format":"standard","meta":{"fifu_image_url":"","fifu_image_alt":"","footnotes":""},"categories":[73,54],"tags":[],"class_list":["post-81564","post","type-post","status-publish","format-standard","hentry","category-actualite","category-maroc"],"_links":{"self":[{"href":"https:\/\/linitiative.ca\/International\/wp-json\/wp\/v2\/posts\/81564","targetHints":{"allow":["GET"]}}],"collection":[{"href":"https:\/\/linitiative.ca\/International\/wp-json\/wp\/v2\/posts"}],"about":[{"href":"https:\/\/linitiative.ca\/International\/wp-json\/wp\/v2\/types\/post"}],"author":[{"embeddable":true,"href":"https:\/\/linitiative.ca\/International\/wp-json\/wp\/v2\/users\/1759"}],"replies":[{"embeddable":true,"href":"https:\/\/linitiative.ca\/International\/wp-json\/wp\/v2\/comments?post=81564"}],"version-history":[{"count":0,"href":"https:\/\/linitiative.ca\/International\/wp-json\/wp\/v2\/posts\/81564\/revisions"}],"wp:attachment":[{"href":"https:\/\/linitiative.ca\/International\/wp-json\/wp\/v2\/media?parent=81564"}],"wp:term":[{"taxonomy":"category","embeddable":true,"href":"https:\/\/linitiative.ca\/International\/wp-json\/wp\/v2\/categories?post=81564"},{"taxonomy":"post_tag","embeddable":true,"href":"https:\/\/linitiative.ca\/International\/wp-json\/wp\/v2\/tags?post=81564"}],"curies":[{"name":"wp","href":"https:\/\/api.w.org\/{rel}","templated":true}]}}