{"id":81565,"date":"2020-04-08T09:30:23","date_gmt":"2020-04-08T13:30:23","guid":{"rendered":"https:\/\/linitiative.ca\/International\/urbanisme-tiznit-actualise-son-plan-damenagement\/"},"modified":"2020-04-08T09:30:23","modified_gmt":"2020-04-08T13:30:23","slug":"urbanisme-tiznit-actualise-son-plan-damenagement","status":"publish","type":"post","link":"https:\/\/linitiative.ca\/International\/urbanisme-tiznit-actualise-son-plan-damenagement\/","title":{"rendered":"Urbanisme : Tiznit actualise son plan d\u2019am\u00e9nagement"},"content":{"rendered":"<header>\n<\/header>\n<div class=\"entry-content clearfix\" readability=\"51\"><img decoding=\"async\" class=\"post_layout_5_img\" src=\"http:\/\/aujourdhui.ma\/wp-content\/uploads\/2020\/04\/Tiznit.jpg?x29840\" alt=\"Urbanisme : Tiznit actualise son plan d&#x2019;am&#xE9;nagement\"\/><\/p>\n<p><span class=\"c5\"><strong><span class=\"c4\">Le nouveau document comportera une \u00e9tude fonci\u00e8re d\u00e9taill\u00e9e<\/span><\/strong><\/span> <span id=\"more-340548\"\/><\/p>\n<div class=\"base-box mom_box_sc_custom mom_box_sc clear c6\" readability=\"9\">\n<p>Il s\u2019agit \u00e0 travers ce document de mettre en exergue les principes de l\u2019urbanisme durable consistant \u00e0 prendre en compte les aspects relatifs au d\u00e9veloppement \u00e9conomique et social ainsi qu\u2019\u00e0 l\u2019\u00e9quilibre de ce territoire.<\/p>\n<\/div>\n<p>La ville de Tiznit sera dot\u00e9e d\u2019un nouveau plan d\u2019am\u00e9nagement dont l\u2019\u00e9tude a \u00e9t\u00e9 lanc\u00e9e r\u00e9cemment par l\u2019Agence urbaine de Taroudant-Tiznit-Tata.<br \/>L\u2019actualisation du Plan d\u2019am\u00e9nagement de la commune de Tiznit a pour but de rendre plus op\u00e9rationnel cet outil et de prendre en compte l\u2019\u00e9valuation de la mise en \u0153uvre du document homologu\u00e9 en 2011 depuis cette date, et ce afin d\u2019am\u00e9liorer les conditions et les modes d\u2019orientation et de ma\u00eetrise de l\u2019urbanisation. L\u2019ambition \u00e9galement est de diversifier la typologie de l\u2019habitat et promouvoir un urbanisme durable \u00e0 travers une meilleure optimisation de la consommation du foncier en r\u00e9duisant l\u2019\u00e9talement urbain par la promotion de la construction verticale.<br \/>Il s\u2019agit \u00e0 travers ce document de mettre en exergue les principes de l\u2019urbanisme durable consistant \u00e0 prendre en compte les aspects relatifs au d\u00e9veloppement \u00e9conomique et social ainsi qu\u2019\u00e0 l\u2019\u00e9quilibre de ce territoire. Alors que l\u2019actualisation de ce dernier se fera dans un esprit de concertation et d\u2019approche participative permettant la mise en relation des diff\u00e9rents acteurs.<br \/>Le nouveau document comportera une \u00e9tude fonci\u00e8re d\u00e9taill\u00e9e et proposera des solutions paysag\u00e8re et environnementale \u00e0 m\u00eame de rehausser la qualit\u00e9 du cadre de vie de la population de la commune de Tiznit.<br \/>L\u2019\u00e9tude d\u2019actualisation de ce plan lanc\u00e9e r\u00e9cemment par l\u2019Agence urbaine de Taroudant-Tiznit-Tata intervient apr\u00e8s neuf ann\u00e9es de mise en \u0153uvre du plan d\u2019am\u00e9nagement de la ville de Tiznit. Il s\u2019agit en effet de l\u2019actualisation des dispositions de ce document dont la mise en \u0153uvre a r\u00e9v\u00e9l\u00e9 certaines difficult\u00e9s li\u00e9es en particulier \u00e0 l\u2019inad\u00e9quation de la structure fonci\u00e8re aux dispositions de certains zonages, ou \u00e0 la grande superficie des zones destin\u00e9es \u00e0 l\u2019habitat de type villa alors que la demande des promoteurs-propri\u00e9taires va plut\u00f4t vers l\u2019habitat \u00e9conomique avec commerce, plus \u00e9conome en consommation de l\u2019espace.<br \/>Par ailleurs, certains groupements humains dans la zone Nord-Ouest dont l\u2019existence est ant\u00e9rieure au plan d\u2019am\u00e9nagement n\u2019ont pas \u00e9t\u00e9 pris en compte par celui-ci. Le futur document devra rectifier cet \u00e9tat de fait.<br \/>Selon l\u2019Agence urbaine, \u00abl\u2019ancien plan d\u2019am\u00e9nagement de Tiznit a \u00e9galement r\u00e9v\u00e9l\u00e9 au fur et \u00e0 mesure de sa mise en application certaines suggestions et changements qu\u2019il faut prendre en consid\u00e9ration, en particulier la rectification du trac\u00e9 de certaines voies, l\u2019ajout d\u2019un 3\u00e8me \u00e9tage pour les \u00eelots situ\u00e9s sur les rocades d\u00e9passant 40 m\u00e8tres d\u2019emprise avec un minimum parcellaire de 140 m\u00e8tres carr\u00e9s\u00bb.<br \/>D\u2019une mani\u00e8re g\u00e9n\u00e9rale, cette actualisation permettra de d\u00e9densifier le r\u00e9seau viaire projet\u00e9 et se limiter aux voies structurantes, tout en prenant en compte les moyens financiers de la commune et sa capacit\u00e9 \u00e0 pourvoir aux indemnisations n\u00e9cessaires \u00e0 la mise en \u0153uvre des arr\u00eat\u00e9s d\u2019alignements.<br \/>Pour rappel, en mati\u00e8re de couverture en documents d\u2019urbanisme, la ville de Tiznit est couverte par un SDAU homologu\u00e9 en 2004, ainsi qu\u2019un plan d\u2019am\u00e9nagement et de sauvegarde de la M\u00e9dina homologu\u00e9 en 2016.<\/p>\n<\/div>\n<p>Auteur: Mohamed Laabid<br \/>\n<a href=\"http:\/\/aujourdhui.ma\/economie\/urbanisme-tiznit-actualise-son-plan-damenagement\">Cliquez ici pour lire l&rsquo;article depuis sa source.<\/a><\/p>\n","protected":false},"excerpt":{"rendered":"<p>Le nouveau document comportera une \u00e9tude fonci\u00e8re d\u00e9taill\u00e9e Il s\u2019agit \u00e0 travers ce document de mettre en exergue les principes de l\u2019urbanisme durable consistant \u00e0 prendre en compte les aspects relatifs au d\u00e9veloppement \u00e9conomique et social ainsi qu\u2019\u00e0 l\u2019\u00e9quilibre de ce territoire. La ville de Tiznit sera dot\u00e9e d\u2019un nouveau plan d\u2019am\u00e9nagement dont l\u2019\u00e9tude a [&hellip;]<\/p>\n","protected":false},"author":1759,"featured_media":0,"comment_status":"closed","ping_status":"closed","sticky":false,"template":"","format":"standard","meta":{"fifu_image_url":"","fifu_image_alt":"","footnotes":""},"categories":[73,54],"tags":[],"class_list":["post-81565","post","type-post","status-publish","format-standard","hentry","category-actualite","category-maroc"],"_links":{"self":[{"href":"https:\/\/linitiative.ca\/International\/wp-json\/wp\/v2\/posts\/81565","targetHints":{"allow":["GET"]}}],"collection":[{"href":"https:\/\/linitiative.ca\/International\/wp-json\/wp\/v2\/posts"}],"about":[{"href":"https:\/\/linitiative.ca\/International\/wp-json\/wp\/v2\/types\/post"}],"author":[{"embeddable":true,"href":"https:\/\/linitiative.ca\/International\/wp-json\/wp\/v2\/users\/1759"}],"replies":[{"embeddable":true,"href":"https:\/\/linitiative.ca\/International\/wp-json\/wp\/v2\/comments?post=81565"}],"version-history":[{"count":0,"href":"https:\/\/linitiative.ca\/International\/wp-json\/wp\/v2\/posts\/81565\/revisions"}],"wp:attachment":[{"href":"https:\/\/linitiative.ca\/International\/wp-json\/wp\/v2\/media?parent=81565"}],"wp:term":[{"taxonomy":"category","embeddable":true,"href":"https:\/\/linitiative.ca\/International\/wp-json\/wp\/v2\/categories?post=81565"},{"taxonomy":"post_tag","embeddable":true,"href":"https:\/\/linitiative.ca\/International\/wp-json\/wp\/v2\/tags?post=81565"}],"curies":[{"name":"wp","href":"https:\/\/api.w.org\/{rel}","templated":true}]}}