{"id":81567,"date":"2020-04-08T11:40:59","date_gmt":"2020-04-08T15:40:59","guid":{"rendered":"https:\/\/linitiative.ca\/International\/abdelkader-aizoun-ma-situation-financiere-est-deja-degradee-sans-le-corona\/"},"modified":"2020-04-08T11:40:59","modified_gmt":"2020-04-08T15:40:59","slug":"abdelkader-aizoun-ma-situation-financiere-est-deja-degradee-sans-le-corona","status":"publish","type":"post","link":"https:\/\/linitiative.ca\/International\/abdelkader-aizoun-ma-situation-financiere-est-deja-degradee-sans-le-corona\/","title":{"rendered":"Abdelkader Aizoun : \u00abMa situation financi\u00e8re est d\u00e9j\u00e0 d\u00e9grad\u00e9e  sans le corona\u00bb"},"content":{"rendered":"<p><img decoding=\"async\" class=\"post_layout_5_img\" src=\"http:\/\/aujourdhui.ma\/wp-content\/uploads\/2020\/04\/Abdelkader-Aizoun-acteur-marocain.jpg?x29840\" alt=\"Abdelkader Aizoun : &#xAB;Ma situation financi&#xE8;re est d&#xE9;j&#xE0; d&#xE9;grad&#xE9;e sans le corona&#xBB;\"\/><\/p>\n<p><span class=\"c4\"><strong>Entretien avec Abdelkader Aizoun, acteur marocain<\/strong><\/span><br \/><span id=\"more-340572\"\/><\/p>\n<div class=\"base-box mom_box_sc_custom mom_box_sc clear c5\" readability=\"10\">\n<p><strong>Apr\u00e8s s\u2019\u00eatre produit \u00e0 \u00abL\u2019couple\u00bb, les apparitions d\u2019Abdelkader Aizoun se font rares. Une \u00e9clipse que l\u2019artiste chevronn\u00e9 justifie par le peu d\u2019offres qu\u2019il re\u00e7oit. Une situation qu\u2019il vit depuis belle lurette bien avant le coronavirus.<\/strong><\/p>\n<\/div>\n<p><strong>ALM : Depuis votre apparition \u00e0 la c\u00e9l\u00e8bre s\u00e9rie \u00abL\u2019couple\u00bb, on ne vous voit que rarement. Pourquoi ?<\/strong><\/p>\n<p><strong>Abdelkader Aizoun :<\/strong> C\u2019est que je n\u2019ai pas re\u00e7u assez d\u2019offres. Pour l\u2019heure, je m\u2019affiche dans la s\u00e9rie \u00abOulad El Mokhtar\u00bb diffus\u00e9e sur la cha\u00eene Al Aoula. Je participe aussi \u00e0 \u00abChahadat Milad\u00bb (Certificat de naissance), r\u00e9alis\u00e9e par Ghita El Kassar, qui sera \u00e9mise en 60 \u00e9pisodes pendant le mois de Ramadan sur MBC5.<\/p>\n<p>Mais comment se fait-il que certains artistes se plaignent et quand on les appelle il s\u2019av\u00e8re qu\u2019ils participent \u00e0 des \u0153uvres ?<\/p>\n<p>Sur toute l\u2019ann\u00e9e, je ne travaille que 5 jours. C\u2019est tout ! Je ne re\u00e7ois pas d\u2019offres tout le temps. M\u00eame si j\u2019ai la carte d\u2019artiste, je ne b\u00e9n\u00e9ficie de rien. A mes 66 ans, je cr\u00e8ve. D\u2019autant plus que j\u2019aime travailler et non pas mendier.<\/p>\n<p><strong>Vous comptez \u00e0 votre actif une longue carri\u00e8re. Alors pourquoi souffrir de mis\u00e8re ?<\/strong><\/p>\n<p>C\u2019est parce que nous ne sommes pas comme d\u2019autres pays avanc\u00e9s. Notre pays doit penser aux artistes. L\u2019art est le miroir de la soci\u00e9t\u00e9. Le probl\u00e8me, c\u2019est que l\u2019Etat n\u2019a pas pr\u00e9vu un code de l\u2019artiste qui nous prot\u00e8ge au niveau financier aussi.<\/p>\n<p><strong>Qu\u2019en est-il du motif qui vous est pr\u00e9sent\u00e9 quand vous n\u2019\u00eates pas sollicit\u00e9 pour vous produire dans des \u0153uvres?<\/strong><\/p>\n<p>Je ne peux parler \u00e0 personne dans ce sens. J\u2019ai plut\u00f4t des \u0153uvres qui t\u00e9moignent de ma comp\u00e9tence. Je pr\u00e9f\u00e8re qu\u2019on fasse appel \u00e0 moi. De plus, quand j\u2019arrive \u00e0 un plateau de tournage, je suis toujours le premier \u00e0 apprendre le sc\u00e9nario bien qu\u2019il soit long. En tous cas, je suis \u00e0 la disposition de tout r\u00e9alisateur. M\u00eame si on me dit qu\u2019il n\u2019y a pas assez d\u2019argent, je pr\u00e9f\u00e8re travailler. Par exemple, ma performance \u00e0 \u00abL\u2019couple\u00bb m\u2019a valu l\u2019amour du public. Cela ne se vend pas. Par l\u2019occasion, je saisis ce passage pour devoir une fi\u00e8re chandelle \u00e0 Hassan El Fed qui est une bonne personne.<\/p>\n<p><strong>Est-ce que la cr\u00e9ation de nouvelles cha\u00eenes comme MBC5 est de nature \u00e0 r\u00e9sorber les probl\u00e8mes des artistes ?<\/strong><\/p>\n<p>En fait il fait bon avoir une autre cha\u00eene pour avoir plus d\u2019opportunit\u00e9s. Mais le m\u00eame probl\u00e8me persiste parce qu\u2019on peut tomber sur des sc\u00e9narios avec une cinquantaine de sc\u00e8nes pour \u00eatre pay\u00e9 \u00e0 deux sous. Dans les s\u00e9ries, le travail est dur. Par exemple, j\u2019ai d\u00e9j\u00e0 travaill\u00e9 avec Nabil Ayouch, il m\u2019a pay\u00e9 comme les Europ\u00e9ens. Je me suis affich\u00e9 dans son \u0153uvre \u00abRazzia\u00bb dans laquelle j\u2019ai jou\u00e9 le r\u00f4le du p\u00e8re de l\u2019enfant musicien. Avec Tom Cruise, j\u2019ai interpr\u00e9t\u00e9 le r\u00f4le d\u2019un vendeur de viande pourrie qui parle bien l\u2019anglais et j\u2019ai \u00e9t\u00e9 mieux pay\u00e9. A \u00abOulad El Mokhtar\u00bb, c\u2019\u00e9tait 5 jours de travail, la r\u00e9mun\u00e9ration \u00e9tait de 2.500 DH par jour. Par contre, on nous fait baver parfois pour 1.500 DH. Quant aux \u0153uvres \u00e9trang\u00e8res, le choix est fait \u00e0 l\u2019avance. Les personnages sont s\u00e9lectionn\u00e9s sur mesure et mieux pay\u00e9s.<\/p>\n<p><strong>Le nouveau Covid-19 a perturb\u00e9 les tournages. Comment faites-vous face \u00e0 cette situation ?<\/strong><br \/>Ce virus a trop impact\u00e9 les artistes. Pour moi, le Corona est l\u00e0 depuis belle lurette. Ma situation financi\u00e8re est d\u00e9j\u00e0 d\u00e9grad\u00e9e sans le virus. C\u2019est le cas d\u2019autres artistes aussi. En fait, j\u2019aurais aim\u00e9 pouvoir travailler avant le Ramadan pour avoir de quoi y subvenir \u00e0 mes besoins. Mais ce n\u2019est pas le cas. Par l\u2019occasion, je me f\u00e9licite des initiatives \u00e9normes entreprises par le Roi pour lutter contre ce virus.<br \/>Comment serait, selon vous, la programmation ramadanesque apr\u00e8s cette perturbation ?<\/p>\n<p>Je pense que la majorit\u00e9 \u00e9crasante des \u0153uvres est pr\u00eate et d\u00e9j\u00e0 programm\u00e9e. Les tournages avaient d\u00e9j\u00e0 commenc\u00e9 et pris fin. Des tournages peuvent m\u00eame \u00eatre achev\u00e9s en Ramadan. Pour ma part, j\u2019ai pas mal de fois interpr\u00e9t\u00e9 des r\u00f4les pendant les journ\u00e9es de je\u00fbne.<\/p>\n<p><strong>Vous \u00eates un chevronn\u00e9 en th\u00e9\u00e2tre. Quel regard y portez-vous ?<\/strong><\/p>\n<p>Les planches c\u2019est de la souffrance. J\u2019y travaille sans rel\u00e2che. Elles m\u2019ont extermin\u00e9. Pour leur part, les troupes cherchent du soutien. Ce sont aussi les pr\u00e9sidents des troupes qui prennent l\u2019argent. Un de ces jours, j\u2019ai \u00e9t\u00e9 pay\u00e9 \u00e0 1.000 DH pour des repr\u00e9sentations d\u2019une pi\u00e8ce de th\u00e9\u00e2tre \u00e0 La\u00e2youne alors que le cachet est cens\u00e9 \u00eatre de 2.000 DH. Par exemple, dans la pi\u00e8ce de th\u00e9\u00e2tre \u00abMoul Lferrane\u00bb, un membre de la troupe nous a jou\u00e9 un mauvais tour alors que l\u2019\u0153uvre a co\u00fbt\u00e9 40.000 DH en termes de production.<\/p>\n<p><strong>Un dernier mot\u2026<\/strong><\/p>\n<p>J\u2019esp\u00e8re que l\u2019Etat nous consacrera un revenu pour avoir de quoi vivre. Comme \u00e7a si nous ne travaillons pas, nous aurons de quoi vivre. Si on n\u2019a pas d\u2019opportunit\u00e9s, on cr\u00e8ve. C\u2019est moi qui m\u2019occupe de mes petits-enfants qui ont perdu leur p\u00e8re. Je devais m\u00eame avoir un agr\u00e9ment \u00e0 Ain Chok mais le processus n\u2019a pas \u00e9t\u00e9 achev\u00e9.<\/p>\n<p>Auteur: Salima Guisser<br \/>\n<a href=\"http:\/\/aujourdhui.ma\/culture\/cinema\/abdelkader-aizoun-ma-situation-financiere-est-deja-degradee-sans-le-corona\">Cliquez ici pour lire l&rsquo;article depuis sa source.<\/a><\/p>\n","protected":false},"excerpt":{"rendered":"<p>Entretien avec Abdelkader Aizoun, acteur marocain Apr\u00e8s s\u2019\u00eatre produit \u00e0 \u00abL\u2019couple\u00bb, les apparitions d\u2019Abdelkader Aizoun se font rares. Une \u00e9clipse que l\u2019artiste chevronn\u00e9 justifie par le peu d\u2019offres qu\u2019il re\u00e7oit. Une situation qu\u2019il vit depuis belle lurette bien avant le coronavirus. ALM : Depuis votre apparition \u00e0 la c\u00e9l\u00e8bre s\u00e9rie \u00abL\u2019couple\u00bb, on ne vous voit [&hellip;]<\/p>\n","protected":false},"author":1759,"featured_media":0,"comment_status":"closed","ping_status":"closed","sticky":false,"template":"","format":"standard","meta":{"fifu_image_url":"","fifu_image_alt":"","footnotes":""},"categories":[73,54],"tags":[],"class_list":["post-81567","post","type-post","status-publish","format-standard","hentry","category-actualite","category-maroc"],"_links":{"self":[{"href":"https:\/\/linitiative.ca\/International\/wp-json\/wp\/v2\/posts\/81567","targetHints":{"allow":["GET"]}}],"collection":[{"href":"https:\/\/linitiative.ca\/International\/wp-json\/wp\/v2\/posts"}],"about":[{"href":"https:\/\/linitiative.ca\/International\/wp-json\/wp\/v2\/types\/post"}],"author":[{"embeddable":true,"href":"https:\/\/linitiative.ca\/International\/wp-json\/wp\/v2\/users\/1759"}],"replies":[{"embeddable":true,"href":"https:\/\/linitiative.ca\/International\/wp-json\/wp\/v2\/comments?post=81567"}],"version-history":[{"count":0,"href":"https:\/\/linitiative.ca\/International\/wp-json\/wp\/v2\/posts\/81567\/revisions"}],"wp:attachment":[{"href":"https:\/\/linitiative.ca\/International\/wp-json\/wp\/v2\/media?parent=81567"}],"wp:term":[{"taxonomy":"category","embeddable":true,"href":"https:\/\/linitiative.ca\/International\/wp-json\/wp\/v2\/categories?post=81567"},{"taxonomy":"post_tag","embeddable":true,"href":"https:\/\/linitiative.ca\/International\/wp-json\/wp\/v2\/tags?post=81567"}],"curies":[{"name":"wp","href":"https:\/\/api.w.org\/{rel}","templated":true}]}}