{"id":81573,"date":"2020-04-08T09:20:47","date_gmt":"2020-04-08T13:20:47","guid":{"rendered":"https:\/\/linitiative.ca\/International\/soutien-aux-entreprises-reunion-hebdomadaire-entre-la-bct-et-les-premiers-responsables-des-banques\/"},"modified":"2020-04-08T09:20:47","modified_gmt":"2020-04-08T13:20:47","slug":"soutien-aux-entreprises-reunion-hebdomadaire-entre-la-bct-et-les-premiers-responsables-des-banques","status":"publish","type":"post","link":"https:\/\/linitiative.ca\/International\/soutien-aux-entreprises-reunion-hebdomadaire-entre-la-bct-et-les-premiers-responsables-des-banques\/","title":{"rendered":"Soutien aux entreprises : R\u00e9union hebdomadaire entre la BCT et les premiers responsables des banques"},"content":{"rendered":"<p>La Banque Centrale de Tunisie (BCT) a d\u00e9cid\u00e9 d\u2019organiser une r\u00e9union hebdomadaire avec les premiers responsables des banques, tous les lundis, afin d\u2019assurer le suivi des retomb\u00e9es de la pand\u00e9mie du COVID 19.<\/p>\n<p>Ces r\u00e9unions permettront d\u2019avoir un \u00e9change avec la profession sur toutes les questions ayant trait au fonctionnement du secteur, les probl\u00e8mes pos\u00e9s et les risques \u00e9ventuels sur la continuit\u00e9 de fonctionnement et sur la stabilit\u00e9 bancaire, a-t-elle indiqu\u00e9 dans un communiqu\u00e9 publi\u00e9 sur son site.<\/p>\n<p>Cette d\u00e9cision a \u00e9t\u00e9 prise par le Gouverneur de la BCT, Marouane El Abassi, lors d\u2019une r\u00e9union organis\u00e9e, le 6 avril 2020, par visioconf\u00e9rence avec les premiers responsables des banques. La r\u00e9union a \u00e9t\u00e9 consacr\u00e9e particuli\u00e8rement, \u00e0 la discussion des modalit\u00e9s d\u2019application des mesures prises r\u00e9cemment par la BCT en mati\u00e8re de soutien aux entreprises et des particuliers en lien avec les retomb\u00e9es de la pand\u00e9mie du COVID 2019. La complexit\u00e9 du contexte, impact\u00e9e par les risques encourus du Covid-19, exige de l\u2019ensemble des acteurs du secteur bancaire d\u2019opter pour des approches de fonctionnement innovantes et proactives, a indiqu\u00e9 El Abassi, cit\u00e9 dans le communiqu\u00e9.<\/p>\n<p>Ila, \u00e0 cet \u00e9gard, insist\u00e9 sur l\u2019importance de redoubler de vigilance, aussi bien vis-\u00e0-vis du personnel que des clients. Ainsi, les banques ont \u00e9t\u00e9 invit\u00e9es \u00e0 respecter certains principes en mati\u00e8re d\u2019application des mesures exceptionnelles en faveur des particuliers et des entreprises en veillant \u00e0 l\u2019homog\u00e9n\u00e9it\u00e9 des traitements notamment, pour les particuliers et \u00e0 opter pour les modalit\u00e9s de report les moins co\u00fbteuses pour les clients ainsi que \u00bb l\u2019adaptation des am\u00e9nagements aux capacit\u00e9s financi\u00e8res des entreprises \u00ab . Tout en mettant en exergue le r\u00f4le pr\u00e9pond\u00e9rant des banques, le Gouverneur de la BCT les a exhort\u00e9es \u00e0 redoubler d\u2019effort, pour favoriser une communication \u00bb transparente \u00bb sur les diff\u00e9rentes mesures.<\/p>\n<div class=\"wp-post-author-wrap wp-post-author-shortcode left\">\n<h3 class=\"awpa-title\"\/>\n<div class=\"wp-post-author\">\n<div class=\"awpa-img awpa-author-block square\"><a href=\"http:\/\/lexpertjournal.net\/fr\/?author=5\"><img loading=\"lazy\" decoding=\"async\" alt=\"\" src=\"http:\/\/0.gravatar.com\/avatar\/97f8e10a1c1125ba104a76514ee07b16?s=150&amp;d=mm&amp;r=g\" srcset=\"http:\/\/0.gravatar.com\/avatar\/97f8e10a1c1125ba104a76514ee07b16?s=300&amp;d=mm&amp;r=g 2x\" class=\"avatar avatar-150 photo\" height=\"150\" width=\"150\"\/><\/a><\/div>\n<\/div>\n<\/div>\n<aside class=\"mashsb-container mashsb-main mashsb-stretched\">\n<\/aside>\n<p>Auteur: L&rsquo;expert<br \/>\n<a href=\"http:\/\/lexpertjournal.net\/fr\/?p=13718\">Cliquez ici pour lire l&rsquo;article depuis sa source.<\/a><\/p>\n","protected":false},"excerpt":{"rendered":"<p>La Banque Centrale de Tunisie (BCT) a d\u00e9cid\u00e9 d\u2019organiser une r\u00e9union hebdomadaire avec les premiers responsables des banques, tous les lundis, afin d\u2019assurer le suivi des retomb\u00e9es de la pand\u00e9mie du COVID 19. Ces r\u00e9unions permettront d\u2019avoir un \u00e9change avec la profession sur toutes les questions ayant trait au fonctionnement du secteur, les probl\u00e8mes pos\u00e9s [&hellip;]<\/p>\n","protected":false},"author":1775,"featured_media":0,"comment_status":"closed","ping_status":"closed","sticky":false,"template":"","format":"standard","meta":{"fifu_image_url":"","fifu_image_alt":"","footnotes":""},"categories":[78,55],"tags":[],"class_list":["post-81573","post","type-post","status-publish","format-standard","hentry","category-economie","category-tunisie"],"_links":{"self":[{"href":"https:\/\/linitiative.ca\/International\/wp-json\/wp\/v2\/posts\/81573","targetHints":{"allow":["GET"]}}],"collection":[{"href":"https:\/\/linitiative.ca\/International\/wp-json\/wp\/v2\/posts"}],"about":[{"href":"https:\/\/linitiative.ca\/International\/wp-json\/wp\/v2\/types\/post"}],"author":[{"embeddable":true,"href":"https:\/\/linitiative.ca\/International\/wp-json\/wp\/v2\/users\/1775"}],"replies":[{"embeddable":true,"href":"https:\/\/linitiative.ca\/International\/wp-json\/wp\/v2\/comments?post=81573"}],"version-history":[{"count":0,"href":"https:\/\/linitiative.ca\/International\/wp-json\/wp\/v2\/posts\/81573\/revisions"}],"wp:attachment":[{"href":"https:\/\/linitiative.ca\/International\/wp-json\/wp\/v2\/media?parent=81573"}],"wp:term":[{"taxonomy":"category","embeddable":true,"href":"https:\/\/linitiative.ca\/International\/wp-json\/wp\/v2\/categories?post=81573"},{"taxonomy":"post_tag","embeddable":true,"href":"https:\/\/linitiative.ca\/International\/wp-json\/wp\/v2\/tags?post=81573"}],"curies":[{"name":"wp","href":"https:\/\/api.w.org\/{rel}","templated":true}]}}