{"id":81574,"date":"2020-04-08T09:23:08","date_gmt":"2020-04-08T13:23:08","guid":{"rendered":"https:\/\/linitiative.ca\/International\/circulation-entre-gouvernorats-mise-au-point-du-ministere-de-linterieur\/"},"modified":"2020-04-08T09:23:08","modified_gmt":"2020-04-08T13:23:08","slug":"circulation-entre-gouvernorats-mise-au-point-du-ministere-de-linterieur","status":"publish","type":"post","link":"https:\/\/linitiative.ca\/International\/circulation-entre-gouvernorats-mise-au-point-du-ministere-de-linterieur\/","title":{"rendered":"Circulation entre gouvernorats : Mise au point du minist\u00e8re de l\u2019Int\u00e9rieur"},"content":{"rendered":"<p>Le porte-parole du minist\u00e8re de l\u2019Int\u00e9rieur Khaled Hayouni a d\u00e9menti, mercredi, les informations relay\u00e9es par les r\u00e9seaux sociaux faisant \u00e9tat de l\u2019interdiction de la circulation entre les villes, m\u00eame avec autorisation.<\/p>\n<p>Il a fait savoir que le d\u00e9partement de l\u2019int\u00e9rieur peut accorder, \u00e0 titre exceptionnel, une autorisation pour se d\u00e9placer d\u2019un gouvernorat \u00e0 un autre, ajoutant que le minist\u00e8re annonce les d\u00e9cisions prises, 24 heures avant leur entr\u00e9e en vigueur.Le minist\u00e8re avait indiqu\u00e9 dans une d\u00e9claration pr\u00e9c\u00e9dente que les personnes se trouvant dans des situations n\u2019ayant pas \u00e9t\u00e9 mentionn\u00e9es sur la plateforme du minist\u00e8re des Technologies de la communication et de la Transformation digitale, peuvent b\u00e9n\u00e9ficier d\u2019une autorisation exceptionnelle, pour ce qui concerne notamment certains petits m\u00e9tiers, activit\u00e9s et commerces n\u00e9cessaires \u00e0 la communaut\u00e9 nationale dans ces circonstances exceptionnelles<\/p>\n<div class=\"wp-post-author-wrap wp-post-author-shortcode left\">\n<h3 class=\"awpa-title\"\/>\n<div class=\"wp-post-author\">\n<div class=\"awpa-img awpa-author-block square\"><a href=\"http:\/\/lexpertjournal.net\/fr\/?author=5\"><img loading=\"lazy\" decoding=\"async\" alt=\"\" src=\"http:\/\/0.gravatar.com\/avatar\/97f8e10a1c1125ba104a76514ee07b16?s=150&amp;d=mm&amp;r=g\" srcset=\"http:\/\/0.gravatar.com\/avatar\/97f8e10a1c1125ba104a76514ee07b16?s=300&amp;d=mm&amp;r=g 2x\" class=\"avatar avatar-150 photo\" height=\"150\" width=\"150\"\/><\/a><\/div>\n<\/div>\n<\/div>\n<aside class=\"mashsb-container mashsb-main mashsb-stretched\">\n<\/aside>\n<p>Auteur: L&rsquo;expert<br \/>\n<a href=\"http:\/\/lexpertjournal.net\/fr\/?p=13721\">Cliquez ici pour lire l&rsquo;article depuis sa source.<\/a><\/p>\n","protected":false},"excerpt":{"rendered":"<p>Le porte-parole du minist\u00e8re de l\u2019Int\u00e9rieur Khaled Hayouni a d\u00e9menti, mercredi, les informations relay\u00e9es par les r\u00e9seaux sociaux faisant \u00e9tat de l\u2019interdiction de la circulation entre les villes, m\u00eame avec autorisation. Il a fait savoir que le d\u00e9partement de l\u2019int\u00e9rieur peut accorder, \u00e0 titre exceptionnel, une autorisation pour se d\u00e9placer d\u2019un gouvernorat \u00e0 un autre, [&hellip;]<\/p>\n","protected":false},"author":1775,"featured_media":0,"comment_status":"closed","ping_status":"closed","sticky":false,"template":"","format":"standard","meta":{"fifu_image_url":"","fifu_image_alt":"","footnotes":""},"categories":[78,55],"tags":[],"class_list":["post-81574","post","type-post","status-publish","format-standard","hentry","category-economie","category-tunisie"],"_links":{"self":[{"href":"https:\/\/linitiative.ca\/International\/wp-json\/wp\/v2\/posts\/81574","targetHints":{"allow":["GET"]}}],"collection":[{"href":"https:\/\/linitiative.ca\/International\/wp-json\/wp\/v2\/posts"}],"about":[{"href":"https:\/\/linitiative.ca\/International\/wp-json\/wp\/v2\/types\/post"}],"author":[{"embeddable":true,"href":"https:\/\/linitiative.ca\/International\/wp-json\/wp\/v2\/users\/1775"}],"replies":[{"embeddable":true,"href":"https:\/\/linitiative.ca\/International\/wp-json\/wp\/v2\/comments?post=81574"}],"version-history":[{"count":0,"href":"https:\/\/linitiative.ca\/International\/wp-json\/wp\/v2\/posts\/81574\/revisions"}],"wp:attachment":[{"href":"https:\/\/linitiative.ca\/International\/wp-json\/wp\/v2\/media?parent=81574"}],"wp:term":[{"taxonomy":"category","embeddable":true,"href":"https:\/\/linitiative.ca\/International\/wp-json\/wp\/v2\/categories?post=81574"},{"taxonomy":"post_tag","embeddable":true,"href":"https:\/\/linitiative.ca\/International\/wp-json\/wp\/v2\/tags?post=81574"}],"curies":[{"name":"wp","href":"https:\/\/api.w.org\/{rel}","templated":true}]}}