{"id":81575,"date":"2020-04-08T09:24:41","date_gmt":"2020-04-08T13:24:41","guid":{"rendered":"https:\/\/linitiative.ca\/International\/lutte-contre-la-propagation-du-covid-19-large-campagne-de-desinfection-a-la-manouba\/"},"modified":"2020-04-08T09:24:41","modified_gmt":"2020-04-08T13:24:41","slug":"lutte-contre-la-propagation-du-covid-19-large-campagne-de-desinfection-a-la-manouba","status":"publish","type":"post","link":"https:\/\/linitiative.ca\/International\/lutte-contre-la-propagation-du-covid-19-large-campagne-de-desinfection-a-la-manouba\/","title":{"rendered":"Lutte contre la propagation du covid-19 : Large campagne de d\u00e9sinfection \u00e0 la Manouba"},"content":{"rendered":"<p>Une large campagne de d\u00e9sinfection a \u00e9t\u00e9 effectu\u00e9e, mardi soir, par le minist\u00e8re de l\u2019Int\u00e9rieur dans les rues de quatre municipalit\u00e9s de la r\u00e9gion Manouba, \u00e0 savoir Douar Hicheur, Oued Ellil, Denden et la Manouba.<\/p>\n<p>Cette campagne de d\u00e9sinfection a \u00e9t\u00e9 assur\u00e9e par 12 camions blind\u00e9s d\u2019une capacit\u00e9 de 12 mille litres \/v\u00e9hicule, a indiqu\u00e9 la gouverneure de la r\u00e9gion, Raja Trabelsi, pr\u00e9cisant que ces blind\u00e9s appartiennent \u00e0 la direction g\u00e9n\u00e9rale des unit\u00e9s d\u2019intervention du minist\u00e8re de l\u2019int\u00e9rieur.<\/p>\n<p>En coordination avec les agents municipaux, les camions \u00e0 jet d\u2019eau du minist\u00e8re de l\u2019int\u00e9rieur, utilis\u00e9s traditionnellement pour disperser les manifestants, ont servi pour d\u00e9sinfecter les diff\u00e9rents quartiers de ces villes dans le cadre de la lutte contre la propagation du covid-19.<\/p>\n<p>La campagne de d\u00e9sinfection sera g\u00e9n\u00e9ralis\u00e9e aux diff\u00e9rentes municipalit\u00e9s de la r\u00e9gion.<\/p>\n<p>Le gouvernorat de la Manouba a enregistr\u00e9, jusqu\u2019\u00e0 mardi 7 avril 2020, 31 cas de contamination au covid-19 dont un d\u00e9c\u00e8s.<\/p>\n<div class=\"wp-post-author-wrap wp-post-author-shortcode left\">\n<h3 class=\"awpa-title\"\/>\n<div class=\"wp-post-author\">\n<div class=\"awpa-img awpa-author-block square\"><a href=\"http:\/\/lexpertjournal.net\/fr\/?author=5\"><img loading=\"lazy\" decoding=\"async\" alt=\"\" src=\"http:\/\/0.gravatar.com\/avatar\/97f8e10a1c1125ba104a76514ee07b16?s=150&amp;d=mm&amp;r=g\" srcset=\"http:\/\/0.gravatar.com\/avatar\/97f8e10a1c1125ba104a76514ee07b16?s=300&amp;d=mm&amp;r=g 2x\" class=\"avatar avatar-150 photo\" height=\"150\" width=\"150\"\/><\/a><\/div>\n<\/div>\n<\/div>\n<aside class=\"mashsb-container mashsb-main mashsb-stretched\">\n<\/aside>\n<p>Auteur: L&rsquo;expert<br \/>\n<a href=\"http:\/\/lexpertjournal.net\/fr\/?p=13724\">Cliquez ici pour lire l&rsquo;article depuis sa source.<\/a><\/p>\n","protected":false},"excerpt":{"rendered":"<p>Une large campagne de d\u00e9sinfection a \u00e9t\u00e9 effectu\u00e9e, mardi soir, par le minist\u00e8re de l\u2019Int\u00e9rieur dans les rues de quatre municipalit\u00e9s de la r\u00e9gion Manouba, \u00e0 savoir Douar Hicheur, Oued Ellil, Denden et la Manouba. Cette campagne de d\u00e9sinfection a \u00e9t\u00e9 assur\u00e9e par 12 camions blind\u00e9s d\u2019une capacit\u00e9 de 12 mille litres \/v\u00e9hicule, a indiqu\u00e9 [&hellip;]<\/p>\n","protected":false},"author":1775,"featured_media":0,"comment_status":"closed","ping_status":"closed","sticky":false,"template":"","format":"standard","meta":{"fifu_image_url":"","fifu_image_alt":"","footnotes":""},"categories":[78,55],"tags":[],"class_list":["post-81575","post","type-post","status-publish","format-standard","hentry","category-economie","category-tunisie"],"_links":{"self":[{"href":"https:\/\/linitiative.ca\/International\/wp-json\/wp\/v2\/posts\/81575","targetHints":{"allow":["GET"]}}],"collection":[{"href":"https:\/\/linitiative.ca\/International\/wp-json\/wp\/v2\/posts"}],"about":[{"href":"https:\/\/linitiative.ca\/International\/wp-json\/wp\/v2\/types\/post"}],"author":[{"embeddable":true,"href":"https:\/\/linitiative.ca\/International\/wp-json\/wp\/v2\/users\/1775"}],"replies":[{"embeddable":true,"href":"https:\/\/linitiative.ca\/International\/wp-json\/wp\/v2\/comments?post=81575"}],"version-history":[{"count":0,"href":"https:\/\/linitiative.ca\/International\/wp-json\/wp\/v2\/posts\/81575\/revisions"}],"wp:attachment":[{"href":"https:\/\/linitiative.ca\/International\/wp-json\/wp\/v2\/media?parent=81575"}],"wp:term":[{"taxonomy":"category","embeddable":true,"href":"https:\/\/linitiative.ca\/International\/wp-json\/wp\/v2\/categories?post=81575"},{"taxonomy":"post_tag","embeddable":true,"href":"https:\/\/linitiative.ca\/International\/wp-json\/wp\/v2\/tags?post=81575"}],"curies":[{"name":"wp","href":"https:\/\/api.w.org\/{rel}","templated":true}]}}