{"id":81576,"date":"2020-04-08T09:27:31","date_gmt":"2020-04-08T13:27:31","guid":{"rendered":"https:\/\/linitiative.ca\/International\/acces-a-linformation-linai-appelle-a-dire-toute-la-verite-sur-la-situation-sanitaire\/"},"modified":"2020-04-08T09:27:31","modified_gmt":"2020-04-08T13:27:31","slug":"acces-a-linformation-linai-appelle-a-dire-toute-la-verite-sur-la-situation-sanitaire","status":"publish","type":"post","link":"https:\/\/linitiative.ca\/International\/acces-a-linformation-linai-appelle-a-dire-toute-la-verite-sur-la-situation-sanitaire\/","title":{"rendered":"Acc\u00e8s \u00e0 l\u2019information : L\u2019INAI appelle \u00e0 dire toute la v\u00e9rit\u00e9 sur la situation sanitaire"},"content":{"rendered":"<p>L\u2019Instance d\u2019acc\u00e8s \u00e0 l\u2019information (INAI) appelle les organismes assujettis aux dispositions de la Loi organique n\u00b0 2016-22 du 24 mars 2016, relative au droit d\u2019acc\u00e8s \u00e0 l\u2019information \u00e0 publier sur leur site Web toutes les informations portant notamment sur la situation sanitaire g\u00e9n\u00e9rale.<\/p>\n<p>Ces informations concernent \u00e9galement les prestations fournies au public, les certificats d\u00e9livr\u00e9s aux citoyens et les pi\u00e8ces<\/p>\n<p>n\u00e9cessaires pour leur obtention ainsi que les conditions, les d\u00e9lais et les proc\u00e9dures y aff\u00e9rentes.<\/p>\n<p>L\u2019INAI explique, mercredi, dans un communiqu\u00e9, que dans le cadre des efforts visant \u00e0 endiguer la propagation du coronavirus et \u00e0 garantir le droit d\u2019acc\u00e8s \u00e0 l\u2019information conform\u00e9ment \u00e0 l\u2019article 32 de la Constitution, l\u2019instance assure le suivi permanent du degr\u00e9 de respect par les organismes publics de l\u2019acc\u00e8s des citoyens \u00e0 l\u2019information pr\u00e9cise et actualis\u00e9e.<\/p>\n<p>L\u2019instance souligne, en outre, l\u2019importance de respecter le droit du citoyen \u00e0 acc\u00e9der \u00e0 l\u2019information qui parvient aux organismes assujettis aux dispositions de la loi dans les meilleurs d\u00e9lais, en particulier en ce qui concerne les demandes d\u2019acc\u00e8s \u00e0 l\u2019information relative \u00e0 la lutte contre le Covid-19.<\/p>\n<div class=\"wp-post-author-wrap wp-post-author-shortcode left\">\n<h3 class=\"awpa-title\"\/>\n<div class=\"wp-post-author\">\n<div class=\"awpa-img awpa-author-block square\"><a href=\"http:\/\/lexpertjournal.net\/fr\/?author=5\"><img loading=\"lazy\" decoding=\"async\" alt=\"\" src=\"http:\/\/0.gravatar.com\/avatar\/97f8e10a1c1125ba104a76514ee07b16?s=150&amp;d=mm&amp;r=g\" srcset=\"http:\/\/0.gravatar.com\/avatar\/97f8e10a1c1125ba104a76514ee07b16?s=300&amp;d=mm&amp;r=g 2x\" class=\"avatar avatar-150 photo\" height=\"150\" width=\"150\"\/><\/a><\/div>\n<\/div>\n<\/div>\n<aside class=\"mashsb-container mashsb-main mashsb-stretched\">\n<\/aside>\n<p>Auteur: L&rsquo;expert<br \/>\n<a href=\"http:\/\/lexpertjournal.net\/fr\/?p=13727\">Cliquez ici pour lire l&rsquo;article depuis sa source.<\/a><\/p>\n","protected":false},"excerpt":{"rendered":"<p>L\u2019Instance d\u2019acc\u00e8s \u00e0 l\u2019information (INAI) appelle les organismes assujettis aux dispositions de la Loi organique n\u00b0 2016-22 du 24 mars 2016, relative au droit d\u2019acc\u00e8s \u00e0 l\u2019information \u00e0 publier sur leur site Web toutes les informations portant notamment sur la situation sanitaire g\u00e9n\u00e9rale. Ces informations concernent \u00e9galement les prestations fournies au public, les certificats d\u00e9livr\u00e9s [&hellip;]<\/p>\n","protected":false},"author":1775,"featured_media":0,"comment_status":"closed","ping_status":"closed","sticky":false,"template":"","format":"standard","meta":{"fifu_image_url":"","fifu_image_alt":"","footnotes":""},"categories":[78,55],"tags":[],"class_list":["post-81576","post","type-post","status-publish","format-standard","hentry","category-economie","category-tunisie"],"_links":{"self":[{"href":"https:\/\/linitiative.ca\/International\/wp-json\/wp\/v2\/posts\/81576","targetHints":{"allow":["GET"]}}],"collection":[{"href":"https:\/\/linitiative.ca\/International\/wp-json\/wp\/v2\/posts"}],"about":[{"href":"https:\/\/linitiative.ca\/International\/wp-json\/wp\/v2\/types\/post"}],"author":[{"embeddable":true,"href":"https:\/\/linitiative.ca\/International\/wp-json\/wp\/v2\/users\/1775"}],"replies":[{"embeddable":true,"href":"https:\/\/linitiative.ca\/International\/wp-json\/wp\/v2\/comments?post=81576"}],"version-history":[{"count":0,"href":"https:\/\/linitiative.ca\/International\/wp-json\/wp\/v2\/posts\/81576\/revisions"}],"wp:attachment":[{"href":"https:\/\/linitiative.ca\/International\/wp-json\/wp\/v2\/media?parent=81576"}],"wp:term":[{"taxonomy":"category","embeddable":true,"href":"https:\/\/linitiative.ca\/International\/wp-json\/wp\/v2\/categories?post=81576"},{"taxonomy":"post_tag","embeddable":true,"href":"https:\/\/linitiative.ca\/International\/wp-json\/wp\/v2\/tags?post=81576"}],"curies":[{"name":"wp","href":"https:\/\/api.w.org\/{rel}","templated":true}]}}