{"id":81577,"date":"2020-04-08T09:29:28","date_gmt":"2020-04-08T13:29:28","guid":{"rendered":"https:\/\/linitiative.ca\/International\/confinement-general-les-marins-pecheurs-demandent-des-compensations-supplementaires\/"},"modified":"2020-04-08T09:29:28","modified_gmt":"2020-04-08T13:29:28","slug":"confinement-general-les-marins-pecheurs-demandent-des-compensations-supplementaires","status":"publish","type":"post","link":"https:\/\/linitiative.ca\/International\/confinement-general-les-marins-pecheurs-demandent-des-compensations-supplementaires\/","title":{"rendered":"Confinement g\u00e9n\u00e9ral :  Les marins-p\u00eacheurs demandent des compensations suppl\u00e9mentaires"},"content":{"rendered":"<p>Les marins-p\u00eacheurs du port de T\u00e9boulba (gouvernorat de Monastir) r\u00e9clament une compensation suppl\u00e9mentaire de 400 dinars, par le biais du Fonds de repos biologique qui dispose, selon le secr\u00e9taire g\u00e9n\u00e9ral de la F\u00e9d\u00e9ration r\u00e9gionale de la p\u00eache, d\u2019un exc\u00e9dent de plus de 60 millions de dinars.<\/p>\n<p>Le secr\u00e9taire g\u00e9n\u00e9ral de la F\u00e9d\u00e9ration r\u00e9gionale de la p\u00eache \u00e0 Monastir, Adnane Nakbi indique que les marins-p\u00eacheurs soutiennent les mesures prises par le minist\u00e8re de l\u2019agriculture pour lutter contre la propagation du virus covid-19, mais jugent insuffisant le montant de la prime accord\u00e9e, d\u2019une valeur de 200 dinars.<\/p>\n<p>De son c\u00f4t\u00e9, le pr\u00e9sident de la chambre r\u00e9gionale de la p\u00eache relevant du syndicat tunisien des agriculteurs, Walid Nouira pr\u00e9cise \u00e0 l\u2019agence TAP que les armateurs ne cautionnent pas les mesures du minist\u00e8re de tutelle et qu\u2019ils veulent poursuivre leur travail, avec la mise en place des mesures n\u00e9cessaires de protection, en particulier, lors du d\u00e9chargement du poisson sur le quai.<\/p>\n<p>\u00bb Les armateurs sont d\u2019accord avec les mesures de lutte contre la propagation du virus, mais demandent des compensations financi\u00e8res adapt\u00e9es \u00e0 cette situation exceptionnelle \u00ab , ajoute-t-il.<\/p>\n<p>Dans un communiqu\u00e9 rendu public lundi, le minist\u00e8re de l\u2019agriculture et de la p\u00eache avait annonc\u00e9 la suspension des activit\u00e9s de p\u00eache au chalut et au filet, par mesure pr\u00e9ventive contre la contamination au Covid-19, \u00e0 l\u2019int\u00e9rieur des embarcations Les primes compensatoires pr\u00e9vues par le gouvernement seront appliqu\u00e9es \u00e0 ce secteur, lit-on dans le communiqu\u00e9.<\/p>\n<div class=\"wp-post-author-wrap wp-post-author-shortcode left\">\n<h3 class=\"awpa-title\"\/>\n<div class=\"wp-post-author\">\n<div class=\"awpa-img awpa-author-block square\"><a href=\"http:\/\/lexpertjournal.net\/fr\/?author=5\"><img loading=\"lazy\" decoding=\"async\" alt=\"\" src=\"http:\/\/0.gravatar.com\/avatar\/97f8e10a1c1125ba104a76514ee07b16?s=150&amp;d=mm&amp;r=g\" srcset=\"http:\/\/0.gravatar.com\/avatar\/97f8e10a1c1125ba104a76514ee07b16?s=300&amp;d=mm&amp;r=g 2x\" class=\"avatar avatar-150 photo\" height=\"150\" width=\"150\"\/><\/a><\/div>\n<\/div>\n<\/div>\n<aside class=\"mashsb-container mashsb-main mashsb-stretched\">\n<\/aside>\n<p>Auteur: L&rsquo;expert<br \/>\n<a href=\"http:\/\/lexpertjournal.net\/fr\/?p=13730\">Cliquez ici pour lire l&rsquo;article depuis sa source.<\/a><\/p>\n","protected":false},"excerpt":{"rendered":"<p>Les marins-p\u00eacheurs du port de T\u00e9boulba (gouvernorat de Monastir) r\u00e9clament une compensation suppl\u00e9mentaire de 400 dinars, par le biais du Fonds de repos biologique qui dispose, selon le secr\u00e9taire g\u00e9n\u00e9ral de la F\u00e9d\u00e9ration r\u00e9gionale de la p\u00eache, d\u2019un exc\u00e9dent de plus de 60 millions de dinars. Le secr\u00e9taire g\u00e9n\u00e9ral de la F\u00e9d\u00e9ration r\u00e9gionale de la [&hellip;]<\/p>\n","protected":false},"author":1775,"featured_media":0,"comment_status":"closed","ping_status":"closed","sticky":false,"template":"","format":"standard","meta":{"fifu_image_url":"","fifu_image_alt":"","footnotes":""},"categories":[78,55],"tags":[],"class_list":["post-81577","post","type-post","status-publish","format-standard","hentry","category-economie","category-tunisie"],"_links":{"self":[{"href":"https:\/\/linitiative.ca\/International\/wp-json\/wp\/v2\/posts\/81577","targetHints":{"allow":["GET"]}}],"collection":[{"href":"https:\/\/linitiative.ca\/International\/wp-json\/wp\/v2\/posts"}],"about":[{"href":"https:\/\/linitiative.ca\/International\/wp-json\/wp\/v2\/types\/post"}],"author":[{"embeddable":true,"href":"https:\/\/linitiative.ca\/International\/wp-json\/wp\/v2\/users\/1775"}],"replies":[{"embeddable":true,"href":"https:\/\/linitiative.ca\/International\/wp-json\/wp\/v2\/comments?post=81577"}],"version-history":[{"count":0,"href":"https:\/\/linitiative.ca\/International\/wp-json\/wp\/v2\/posts\/81577\/revisions"}],"wp:attachment":[{"href":"https:\/\/linitiative.ca\/International\/wp-json\/wp\/v2\/media?parent=81577"}],"wp:term":[{"taxonomy":"category","embeddable":true,"href":"https:\/\/linitiative.ca\/International\/wp-json\/wp\/v2\/categories?post=81577"},{"taxonomy":"post_tag","embeddable":true,"href":"https:\/\/linitiative.ca\/International\/wp-json\/wp\/v2\/tags?post=81577"}],"curies":[{"name":"wp","href":"https:\/\/api.w.org\/{rel}","templated":true}]}}